{"id":3176,"date":"2024-09-06T14:15:42","date_gmt":"2024-09-06T17:15:42","guid":{"rendered":"https:\/\/tveventos.tv.br\/?p=3176"},"modified":"2024-09-06T14:15:45","modified_gmt":"2024-09-06T17:15:45","slug":"27a-bienal-do-livro-de-sao-paulo-espera-receber-cerca-de-120-mil-estudantes","status":"publish","type":"post","link":"https:\/\/tveventos.tv.br\/?p=3176","title":{"rendered":"27\u00aa Bienal do Livro de S\u00e3o Paulo espera receber cerca de 120 mil estudantes"},"content":{"rendered":"\n<p><em>Organizadores apostam na leitura para fomentar a criatividade, a capacidade de sonhar e a consci\u00eancia cr\u00edtica.<\/em><br><\/p>\n\n\n\n<p>A 27\u00b0 Bienal Internacional do Livro de S\u00e3o Paulo, realizada pela C\u00e2mara Brasileira do Livro (CBL) e organizada pela RX, acontece entre os dias 6 e 15 de Setembro de 2024, no Distrito Anhembi, em S\u00e3o Paulo. Consciente da import\u00e2ncia de incentivar o h\u00e1bito da leitura desde cedo,&nbsp; a iniciativa visa aproximar crian\u00e7as e jovens ao universo dos livros, estimulando a criatividade, a imagina\u00e7\u00e3o, vocabul\u00e1rio, racioc\u00ednio l\u00f3gico e pensamento cr\u00edtico. O evento espera receber cerca de 120 mil crian\u00e7as e adolescentes de 4 a 14 anos no programa de visita\u00e7\u00e3o escolar, no qual escolas Municipais, Estaduais e Particulares podem se cadastrar.<\/p>\n\n\n\n<p>Atualmente, h\u00e1 mais de 49 mil crian\u00e7as inscritas e os visitantes v\u00eam de diversos estados do Brasil, como Paran\u00e1, Rio de Janeiro, Minas Gerais, Mato Grosso e S\u00e3o Paulo. O cadastramento no programa de visita\u00e7\u00e3o escolar d\u00e1 direito a gratuidade. Al\u00e9m disso, \u00e9 poss\u00edvel fazer uma visita escolar guiada ao evento.<\/p>\n\n\n\n<p>A Bienal do Livro de S\u00e3o Paulo pretende transformar as visitas escolares em uma viv\u00eancia liter\u00e1ria memor\u00e1vel, para isso, um dos diferenciais desta edi\u00e7\u00e3o, \u00e9 a presen\u00e7a das visitas guiadas com&nbsp; especialistas para grupos de estudantes. Os profissionais ser\u00e3o respons\u00e1veis por criar roteiros personalizados, que atendam \u00e0s necessidades de cada grupo, considerando temas de interesse e faixa et\u00e1ria. O objetivo \u00e9 garantir uma experi\u00eancia ainda mais completa da Bienal, conectando os estudantes com editoras expositoras, espa\u00e7os culturais e programa\u00e7\u00f5es.&nbsp;<\/p>\n\n\n\n<p>Para a presidente da CBL, Sevani Matos, o programa Visita\u00e7\u00e3o Escolar tem o objetivo de aproximar crian\u00e7as e jovens do universo liter\u00e1rio, \u201cA ideia do programa, \u00e9 plantar a sementinha da literatura nessas crian\u00e7as e jovens, fomentando a criatividade, a capacidade de sonhar e a consci\u00eancia cr\u00edtica\u201d, completa.&nbsp;<\/p>\n\n\n\n<p>O agendamento escolar pode ser feito atrav\u00e9s do link <a href=\"https:\/\/www.rpsfeiras.com.br\/Escolar\/default.aspx?key=c704154f-f786-4575-8e4d-0161a10e4b30\">visita\u00e7\u00e3o escolar<\/a> (rpsfeiras.com.br). Basta preencher o formul\u00e1rio e pagar o estacionamento do \u00f4nibus no valor de R$155,00.&nbsp;<\/p>\n\n\n\n<p>Ap\u00f3s o agendamento, as escolas receber\u00e3o todas as orienta\u00e7\u00f5es necess\u00e1rias para o estacionamento e acesso exclusivo ao evento.<\/p>\n\n\n\n<p>As vagas s\u00e3o limitadas e o prazo para o agendamento vai at\u00e9 o dia 10 de agosto de 2024 ou at\u00e9 o t\u00e9rmino das vagas.&nbsp;<\/p>\n\n\n\n<p>Para a visita guiada, \u00e9 necess\u00e1rio consultar a disponibilidade de agenda e valores do servi\u00e7o. Para mais informa\u00e7\u00f5es, entrar em contato atrav\u00e9s do telefone 11 2941-7255 ou pelo e-mail: projetoescola@eloin.com &#8211; Falar com Patr\u00edcia ou Luciana Braga.<\/p>\n\n\n\n<p>Sobre a Bienal Internacional do Livro de S\u00e3o Paulo:<\/p>\n\n\n\n<p>A Bienal Internacional do Livro de S\u00e3o Paulo, realizada pela C\u00e2mara Brasileira do Livro (CBL) e organizada pela RX, \u00e9 um dos maiores eventos liter\u00e1rios da Am\u00e9rica Latina, reunindo autores, editores, livreiros e leitores em um espa\u00e7o dedicado \u00e0 celebra\u00e7\u00e3o da cultura e da literatura.&nbsp;<\/p>\n\n\n\n<p><strong>Servi\u00e7o<\/strong><\/p>\n\n\n\n<p>6 a 15 de Setembro de 2024<\/p>\n\n\n\n<p>Dias 06\/09 e de 09 a 13\/09 &#8211; 9h \u00e0s 22h;<\/p>\n\n\n\n<p>Dias 07, 08 e 14\/09 das 10h \u00e0s 22h;<\/p>\n\n\n\n<p>Dia 15\/09 das 10h \u00e0s 21h;<\/p>\n\n\n\n<p>Distrito Anhembi<\/p>\n\n\n\n<p>Rua Olavo Fontoura, 1209 | Santana | S\u00e3o Paulo<\/p>\n","protected":false},"excerpt":{"rendered":"<p>Organizadores apostam na leitura para fomentar a criatividade, a capacidade de sonhar e a consci\u00eancia cr\u00edtica. A 27\u00b0 Bienal Internacional do Livro de S\u00e3o Paulo, realizada pela C\u00e2mara Brasileira do Livro (CBL) e organizada pela RX, acontece entre os dias 6 e 15 de Setembro de 2024, no Distrito Anhembi, em S\u00e3o Paulo. Consciente da [&hellip;]<\/p>\n","protected":false},"author":3,"featured_media":3177,"comment_status":"open","ping_status":"open","sticky":false,"template":"","format":"standard","meta":{"footnotes":""},"categories":[23],"tags":[],"class_list":{"0":"post-3176","1":"post","2":"type-post","3":"status-publish","4":"format-standard","5":"has-post-thumbnail","7":"category-feirasdenegocios"},"_links":{"self":[{"href":"https:\/\/tveventos.tv.br\/index.php?rest_route=\/wp\/v2\/posts\/3176","targetHints":{"allow":["GET"]}}],"collection":[{"href":"https:\/\/tveventos.tv.br\/index.php?rest_route=\/wp\/v2\/posts"}],"about":[{"href":"https:\/\/tveventos.tv.br\/index.php?rest_route=\/wp\/v2\/types\/post"}],"author":[{"embeddable":true,"href":"https:\/\/tveventos.tv.br\/index.php?rest_route=\/wp\/v2\/users\/3"}],"replies":[{"embeddable":true,"href":"https:\/\/tveventos.tv.br\/index.php?rest_route=%2Fwp%2Fv2%2Fcomments&post=3176"}],"version-history":[{"count":1,"href":"https:\/\/tveventos.tv.br\/index.php?rest_route=\/wp\/v2\/posts\/3176\/revisions"}],"predecessor-version":[{"id":3178,"href":"https:\/\/tveventos.tv.br\/index.php?rest_route=\/wp\/v2\/posts\/3176\/revisions\/3178"}],"wp:featuredmedia":[{"embeddable":true,"href":"https:\/\/tveventos.tv.br\/index.php?rest_route=\/wp\/v2\/media\/3177"}],"wp:attachment":[{"href":"https:\/\/tveventos.tv.br\/index.php?rest_route=%2Fwp%2Fv2%2Fmedia&parent=3176"}],"wp:term":[{"taxonomy":"category","embeddable":true,"href":"https:\/\/tveventos.tv.br\/index.php?rest_route=%2Fwp%2Fv2%2Fcategories&post=3176"},{"taxonomy":"post_tag","embeddable":true,"href":"https:\/\/tveventos.tv.br\/index.php?rest_route=%2Fwp%2Fv2%2Ftags&post=3176"}],"curies":[{"name":"wp","href":"https:\/\/api.w.org\/{rel}","templated":true}]}}