{"id":318,"date":"2023-09-04T09:05:53","date_gmt":"2023-09-04T12:05:53","guid":{"rendered":"http:\/\/tveventos.tv.br\/?p=318"},"modified":"2023-09-05T09:06:51","modified_gmt":"2023-09-05T12:06:51","slug":"flavio-carrera-cava-vigilancia-e-seguranca","status":"publish","type":"post","link":"https:\/\/tveventos.tv.br\/?p=318","title":{"rendered":"Fl\u00e1vio Carrera &#8211; CAVA Vigil\u00e2ncia e Seguran\u00e7a"},"content":{"rendered":"\n<p>Fl\u00e1vio Carrera, hoje aos 44, confirma que sua veia empreendedora \u00e9 de fam\u00edlia, mas sua motiva\u00e7\u00e3o para enfrentar desafios da vida \u00e9 apenas natural.<\/p>\n\n\n\n<p>\u201cSeguran\u00e7a \u00e9 voc\u00ea se antecipar aos fatos. \u00c9 algo preventivo, n\u00e3o emergencial,\u201d ele explica.<\/p>\n\n\n\n<p>A CAVA, fundada em 1983, \u00e9 uma empresa de seguran\u00e7a especializada em vigil\u00e2ncia patrimonial. Hoje atua em diversos setores, sendo mais presente em feiras e eventos.<\/p>\n\n\n\n<p>Quando seu pai, fundador e at\u00e9 ent\u00e3o presidente faleceu em Mar\u00e7o de 2020, Fl\u00e1vio assumiu as r\u00e9deas para dar continuidade aos projetos de seu pai e estabelecer novas metas.<\/p>\n\n\n\n<p>Apesar de ter se afastado da empresa por um pouco mais de uma d\u00e9cada para ganhar experi\u00eancia, Fl\u00e1vio cresceu com a CAVA assumindo seu primeiro cargo aos 13 anos como entregador.<\/p>\n\n\n\n<p>\u201cQuando eu fui pra dentro, passei por todos os setores para entender o que era a empresa e como ela funcionava,\u201d diz Fl\u00e1vio, \u201cAt\u00e9 que cheguei no setor comercial, e foi a\u00ed onde me encontrei.\u201d<\/p>\n\n\n\n<p>Aos 17 Fl\u00e1vio procurou uma forma\u00e7\u00e3o em com\u00e9rcio exterior, o que para ele estava diretamente relacionado \u00e0 sua experiencia com a CAVA, \u201cEu encaro feiras como um com\u00e9rcio exterior. Feiras lidam diretamente com a balan\u00e7a comercial,\u201d ele explica, \u201cAssim eu saberia qual era o setor que estaria com mais pujan\u00e7a e outros que estavam em queda para o equil\u00edbrio de valores.\u201d<\/p>\n\n\n\n<p>Dias ap\u00f3s assumir a lideran\u00e7a da CAVA, Fl\u00e1vio se viu diante uma crise de sa\u00fade p\u00fablica que trazia diversos desafios n\u00e3o s\u00f3 para a sua empresa, como tamb\u00e9m para o mercado.<\/p>\n\n\n\n<p>Ele lembra que por tr\u00eas meses sentiu o impacto da situa\u00e7\u00e3o de maneira intensa, \u201cMas eu vou te dizer eu consigo sempre extrair algo ben\u00e9fico de um vulc\u00e3o em erup\u00e7\u00e3o.\u201d<\/p>\n\n\n\n<p>\u201cUm copo meio vazio, meio cheio. Eu vejo sempre o copo meio cheio,\u201d diz Carrera.<\/p>\n\n\n\n<p>Assim o empres\u00e1rio decidiu tentar virar a situa\u00e7\u00e3o, resolvendo primeiro desafios internos para ent\u00e3o estender a atua\u00e7\u00e3o da CAVA no mercado.<\/p>\n\n\n\n<p>Ser bem sucedido, para Fl\u00e1vio, \u201cn\u00e3o \u00e9 quando voc\u00ea \u00e9 reconhecido. \u00c9 quando voc\u00ea v\u00ea que as suas atitudes e o seu desenvolvimento com a\u00e7\u00f5es, aquilo que voc\u00ea se prop\u00f5e a fazer em termos de especializa\u00e7\u00e3o v\u00eam dando certo.\u201d<\/p>\n\n\n\n<p>Nesta simbiose entre clientes e fornecedores no mercado de feiras, um dos grandes detalhes que a CAVA se preocupa \u00e9 personalizar o servi\u00e7o para as necessidades de cada contratante.<\/p>\n\n\n\n<p>Mesmo assim, respeitando o n\u00edvel de import\u00e2ncia de cada evento, independente de seu tamanho. \u201cO evento de dez pessoas hoje amanh\u00e3 pode ter cem,\u201d diz o presidente da CAVA.<\/p>\n\n\n\n<p>Com uma gest\u00e3o moderna, Fl\u00e1vio explica que seu maior diferencial \u00e9 mostrar a cara. Passar seguran\u00e7a para o cliente \u00e9 importante at\u00e9 em sua postura. Ele julga como importante tentar sempre estar presente para conhecer seus clientes, apoiar sua equipe e passar a seguran\u00e7a que a CAVA promete quando fecha neg\u00f3cio com seus clientes.<\/p>\n\n\n\n<p>Desde o in\u00edcio do processo de retomada ap\u00f3s a pandemia do COVID-19, a empresa tem realizado trabalhos de grande porte como a Fenatran, uma das maiores feiras de transporte do mundo, e a recente campanha presidencial do candidato Lu\u00eds In\u00e1cio Lula da Silva.<\/p>\n\n\n\n<p>Apesar das dificuldades, suas motiva\u00e7\u00f5es s\u00e3o fortes, como \u201cPerpetuar algo que meu pai construiu h\u00e1 40 anos, gerenciar uma empresa em um pa\u00eds onde muitas empresas n\u00e3o duram mais do que cinco anos, estar em um setor t\u00e3o complexo em um mercado que parou durante 18 meses, etc,\u201d diz Fl\u00e1vio.<\/p>\n\n\n\n<p>\u201cEnt\u00e3o n\u00f3s somos vitoriosos sim. Uma dificuldade aqui e uma dificuldade l\u00e1 mas a gente virou esse jogo todo.\u201d<\/p>\n\n\n\n<p>Por: Tha\u00efs Grandisoli<\/p>\n","protected":false},"excerpt":{"rendered":"<p>Fl\u00e1vio Carrera, hoje aos 44, confirma que sua veia empreendedora \u00e9 de fam\u00edlia, mas sua motiva\u00e7\u00e3o para enfrentar desafios da vida \u00e9 apenas natural. \u201cSeguran\u00e7a \u00e9 voc\u00ea se antecipar aos fatos. \u00c9 algo preventivo, n\u00e3o emergencial,\u201d ele explica. A CAVA, fundada em 1983, \u00e9 uma empresa de seguran\u00e7a especializada em vigil\u00e2ncia patrimonial. Hoje atua em [&hellip;]<\/p>\n","protected":false},"author":1,"featured_media":319,"comment_status":"open","ping_status":"open","sticky":false,"template":"","format":"standard","meta":{"footnotes":""},"categories":[24],"tags":[],"class_list":{"0":"post-318","1":"post","2":"type-post","3":"status-publish","4":"format-standard","5":"has-post-thumbnail","7":"category-perfis"},"_links":{"self":[{"href":"https:\/\/tveventos.tv.br\/index.php?rest_route=\/wp\/v2\/posts\/318","targetHints":{"allow":["GET"]}}],"collection":[{"href":"https:\/\/tveventos.tv.br\/index.php?rest_route=\/wp\/v2\/posts"}],"about":[{"href":"https:\/\/tveventos.tv.br\/index.php?rest_route=\/wp\/v2\/types\/post"}],"author":[{"embeddable":true,"href":"https:\/\/tveventos.tv.br\/index.php?rest_route=\/wp\/v2\/users\/1"}],"replies":[{"embeddable":true,"href":"https:\/\/tveventos.tv.br\/index.php?rest_route=%2Fwp%2Fv2%2Fcomments&post=318"}],"version-history":[{"count":1,"href":"https:\/\/tveventos.tv.br\/index.php?rest_route=\/wp\/v2\/posts\/318\/revisions"}],"predecessor-version":[{"id":320,"href":"https:\/\/tveventos.tv.br\/index.php?rest_route=\/wp\/v2\/posts\/318\/revisions\/320"}],"wp:featuredmedia":[{"embeddable":true,"href":"https:\/\/tveventos.tv.br\/index.php?rest_route=\/wp\/v2\/media\/319"}],"wp:attachment":[{"href":"https:\/\/tveventos.tv.br\/index.php?rest_route=%2Fwp%2Fv2%2Fmedia&parent=318"}],"wp:term":[{"taxonomy":"category","embeddable":true,"href":"https:\/\/tveventos.tv.br\/index.php?rest_route=%2Fwp%2Fv2%2Fcategories&post=318"},{"taxonomy":"post_tag","embeddable":true,"href":"https:\/\/tveventos.tv.br\/index.php?rest_route=%2Fwp%2Fv2%2Ftags&post=318"}],"curies":[{"name":"wp","href":"https:\/\/api.w.org\/{rel}","templated":true}]}}