{"id":3206,"date":"2024-09-10T11:08:52","date_gmt":"2024-09-10T14:08:52","guid":{"rendered":"https:\/\/tveventos.tv.br\/?p=3206"},"modified":"2024-09-10T11:08:55","modified_gmt":"2024-09-10T14:08:55","slug":"bienal-do-livro-pirulla-e-o-destaque-na-arena-cultural-paper-excellence","status":"publish","type":"post","link":"https:\/\/tveventos.tv.br\/?p=3206","title":{"rendered":"Bienal do Livro: Pirulla \u00e9 o destaque na Arena Cultural Paper Excellence"},"content":{"rendered":"\n<p class=\"has-text-align-center\"><em>Youtuber se junta a Carlos Ruas, Em\u00edlio Garcia e Mila Massuda para falar sobre a import\u00e2ncia da produ\u00e7\u00e3o cient\u00edfica voltada para a educa\u00e7\u00e3o<\/em>.<\/p>\n\n\n\n<p>A Arena Cultural Paper Excellence, principal audit\u00f3rio da 27\u00aa Bienal Internacional do Livro de S\u00e3o Paulo, recebe nesta ter\u00e7a-feira (10), \u00e0s 10h30, o cientista Paulo Miranda, o Pirulla o cartunista Carlos Ruas, o bi\u00f3logo Em\u00edlio Garcia e a doutora em Ecologia, Mila Massuda. Os cientistas formam o podcast \u201cOs Tr\u00eas Elementos\u201d, a partir do qual conversam sobre ci\u00eancia e disseminam a import\u00e2ncia da pesquisa cient\u00edfica no combate \u00e0 desinforma\u00e7\u00e3o.<\/p>\n\n\n\n<p>Na palestra, o p\u00fablico poder\u00e1 ver de perto como os profissionais democratizam a linguagem cient\u00edfica, tornando o conhecimento mais acess\u00edvel. No evento, os palestrantes ir\u00e3o compartilhar suas experi\u00eancias na cria\u00e7\u00e3o de personagens que se tornaram populares e geraram conversas cotidianas, impactando a sociedade<strong>.<\/strong><\/p>\n\n\n\n<p>O evento tamb\u00e9m ser\u00e1 acompanhado pela rede social da Paper Excellence no Instagram&nbsp;<a href=\"https:\/\/www.instagram.com\/paperexcellence_br\/\" target=\"_blank\" rel=\"noreferrer noopener\">@paperexcellence_br<\/a>. A companhia \u00e9 patrocinadora m\u00e1ster da Bienal Internacional do Livro, o maior evento do mercado editorial brasileiro j\u00e1 realizado no Brasil. A companhia dar\u00e1 nome ao principal audit\u00f3rio do evento, a&nbsp;<strong>Arena Cultural Paper Excellence<\/strong>, espa\u00e7o que receber\u00e1 as principais atra\u00e7\u00f5es da Bienal, entre autores nacionais e internacionais.<\/p>\n\n\n\n<p><strong>Apoio \u00e0 Cultura<\/strong><\/p>\n\n\n\n<p>A Paper Excellence est\u00e1 no Brasil h\u00e1 seis anos e \u00e9 hoje uma das s\u00f3cias da Eldorado Celulose, uma das mais modernas ind\u00fastrias produtora de celulose de fibra curta do mundo, localizada na cidade de Tr\u00eas Lagoas (MS). A companhia tem apostado fortemente no patroc\u00ednio de eventos culturais no pa\u00eds, buscando valorizar a cultura brasileira por meio de diversas iniciativas.<\/p>\n\n\n\n<p>Al\u00e9m do patroc\u00ednio m\u00e1ster da 27\u00aa Bienal Internacional, a Paper Excellence tamb\u00e9m \u00e9 patrocinadora da temporada 2024 da Orquestra Sinf\u00f4nica do Estado de S\u00e3o Paulo, assim como do Coral Infantil e Infanto-Juvenil da Osesp.<\/p>\n\n\n\n<p>\u201cA Paper \u00e9 uma companhia com presen\u00e7a relativamente recente no Brasil, mas temos feito um esfor\u00e7o de marca intenso para demonstrar o compromisso com o mercado brasileiro, apesar dos desafios enfrentados aqui. A companhia acredita que a forma mais efetiva de mostrar seu compromisso \u00e9 investindo fortemente e ativamente na cultura nacional, permitindo-a que se desenvolva e alcance mais e mais pessoas. \u00c9 nisso que acreditamos e \u00e9 nisso que vamos concentrar os investimentos futuros\u201d, afirma Claudio Cotrim, presidente da&nbsp;<strong>Paper Excellence<\/strong>.<\/p>\n\n\n\n<p>Durante a Bienal, a Paper Excellence ter\u00e1 prazer em receb\u00ea-los na feira. A companhia divulgar\u00e1 por meio de sua rede social no Instagram&nbsp;<a href=\"https:\/\/www.instagram.com\/paperexcellence_br\/\" target=\"_blank\" rel=\"noreferrer noopener\">@paperexcellence_br<\/a>&nbsp;os eventos de destaque na Bienal ao longo de todos os dias. A Bienal acontecer\u00e1 no Distrito Anhembi, na Avenida Olavo Fontoura, 1209, no bairro Santana, Zona Norte da capital paulista.<\/p>\n","protected":false},"excerpt":{"rendered":"<p>Youtuber se junta a Carlos Ruas, Em\u00edlio Garcia e Mila Massuda para falar sobre a import\u00e2ncia da produ\u00e7\u00e3o cient\u00edfica voltada para a educa\u00e7\u00e3o. A Arena Cultural Paper Excellence, principal audit\u00f3rio da 27\u00aa Bienal Internacional do Livro de S\u00e3o Paulo, recebe nesta ter\u00e7a-feira (10), \u00e0s 10h30, o cientista Paulo Miranda, o Pirulla o cartunista Carlos Ruas, [&hellip;]<\/p>\n","protected":false},"author":2,"featured_media":3207,"comment_status":"open","ping_status":"open","sticky":false,"template":"","format":"standard","meta":{"footnotes":""},"categories":[23],"tags":[],"class_list":{"0":"post-3206","1":"post","2":"type-post","3":"status-publish","4":"format-standard","5":"has-post-thumbnail","7":"category-feirasdenegocios"},"_links":{"self":[{"href":"https:\/\/tveventos.tv.br\/index.php?rest_route=\/wp\/v2\/posts\/3206","targetHints":{"allow":["GET"]}}],"collection":[{"href":"https:\/\/tveventos.tv.br\/index.php?rest_route=\/wp\/v2\/posts"}],"about":[{"href":"https:\/\/tveventos.tv.br\/index.php?rest_route=\/wp\/v2\/types\/post"}],"author":[{"embeddable":true,"href":"https:\/\/tveventos.tv.br\/index.php?rest_route=\/wp\/v2\/users\/2"}],"replies":[{"embeddable":true,"href":"https:\/\/tveventos.tv.br\/index.php?rest_route=%2Fwp%2Fv2%2Fcomments&post=3206"}],"version-history":[{"count":1,"href":"https:\/\/tveventos.tv.br\/index.php?rest_route=\/wp\/v2\/posts\/3206\/revisions"}],"predecessor-version":[{"id":3208,"href":"https:\/\/tveventos.tv.br\/index.php?rest_route=\/wp\/v2\/posts\/3206\/revisions\/3208"}],"wp:featuredmedia":[{"embeddable":true,"href":"https:\/\/tveventos.tv.br\/index.php?rest_route=\/wp\/v2\/media\/3207"}],"wp:attachment":[{"href":"https:\/\/tveventos.tv.br\/index.php?rest_route=%2Fwp%2Fv2%2Fmedia&parent=3206"}],"wp:term":[{"taxonomy":"category","embeddable":true,"href":"https:\/\/tveventos.tv.br\/index.php?rest_route=%2Fwp%2Fv2%2Fcategories&post=3206"},{"taxonomy":"post_tag","embeddable":true,"href":"https:\/\/tveventos.tv.br\/index.php?rest_route=%2Fwp%2Fv2%2Ftags&post=3206"}],"curies":[{"name":"wp","href":"https:\/\/api.w.org\/{rel}","templated":true}]}}