{"id":3213,"date":"2024-09-10T14:49:27","date_gmt":"2024-09-10T17:49:27","guid":{"rendered":"https:\/\/tveventos.tv.br\/?p=3213"},"modified":"2024-09-10T14:49:31","modified_gmt":"2024-09-10T17:49:31","slug":"participacao-feminina-cresce-na-construcao-civil-mas-ainda-representa-apenas-195-dos-engenheiros","status":"publish","type":"post","link":"https:\/\/tveventos.tv.br\/?p=3213","title":{"rendered":"Participa\u00e7\u00e3o feminina cresce na constru\u00e7\u00e3o civil, mas ainda representa apenas 19,5% dos engenheiros"},"content":{"rendered":"\n<p class=\"has-text-align-center\"><em>Engajamento feminino ajudou a quebrar barreiras, mas segue sendo minoria na constru\u00e7\u00e3o civil, al\u00e9m de receber, em m\u00e9dia, 19,4% a menos que os homens<\/em>.<\/p>\n\n\n\n<p>Segundo o IBGE (Instituto Brasileiro de Geografia e Estat\u00edstica), a participa\u00e7\u00e3o feminina na constru\u00e7\u00e3o civil cresceu 120% entre 2007 e 2018. Nos primeiros cinco meses de 2023, representaram a maioria, com 60%, das admiss\u00f5es na constru\u00e7\u00e3o civil, conforme dados do CAGED (Cadastro Geral de Empregados e Desempregados). No entanto, elas ainda figuram apenas em 19,5% dos profissionais registrados no Conselho Federal de Engenharia e Agronomia (Confea).<\/p>\n\n\n\n<p>Para reverter esse cen\u00e1rio, Denise Fonseca, diretora comercial da Glasspe\u00e7as, criou no come\u00e7o deste ano o Projeto Divas do Vidro. No dia 27 de junho, durante o 4\u00ba F\u00f3rum Contramarco, evento coligado \u00e0 Fesqua (Feira Internacional da Ind\u00fastria de Esquadrias) e Fesqua Vetro, a executiva&nbsp; anunciou que, em mar\u00e7o de 2025, ir\u00e1 promover um encontro exclusivo \u00e0s mulheres da constru\u00e7\u00e3o civil na cidade de S\u00e3o Paulo.<\/p>\n\n\n\n<p>\u201cSemin\u00e1rios s\u00e3o muito importantes para o setor, como o F\u00f3rum Contramarco. A realiza\u00e7\u00e3o de um evento exclusivo ao p\u00fablico feminino aumenta o apoio m\u00fatuo entre as mulheres. S\u00f3 assim \u00e9 poss\u00edvel quebrar tabus que ainda existem. O maior engajamento feminino&nbsp; reflete-se nessa melhora recente nos cargos ocupados, que tamb\u00e9m vem sendo articulado por pioneiras que tiveram destaque e trouxeram mais profissionais. Estamos buscando, atrav\u00e9s da uni\u00e3o feminina, alcan\u00e7ar maior visibilidade \u00e0s profissionais que n\u00e3o s\u00e3o valorizadas em seu ambiente de trabalho e proporcionar oportunidades de reconhecimento e destaque\u201d, afirma.<\/p>\n\n\n\n<p>Em sua apresenta\u00e7\u00e3o, Fonseca trouxe um dado do Banco Nacional de Empregos (BNE) que exp\u00f5e uma diferen\u00e7a de 38,6% entre os g\u00eaneros no cargo de engenheiro civil. Al\u00e9m disso, em 2015, as mulheres representavam 30,3% das matr\u00edculas em cursos de engenharia civil, mas apenas 26,9% conseguiram espa\u00e7o no mercado.<\/p>\n\n\n\n<p>\u201cAs mulheres ainda s\u00e3o taxadas como inferiores e precisam trabalhar o dobro em busca de serem reconhecidas. Precisamos de determina\u00e7\u00e3o para quebrar esses paradigmas. As lideran\u00e7as femininas aumentam em 2,5 vezes as chances de outras mulheres ocuparem cargos de lideran\u00e7a e com maiores remunera\u00e7\u00f5es, refor\u00e7ando como o estigma masculino ainda nos coloca como menos inteligentes e menos capacitadas\u201d, avalia.<\/p>\n\n\n\n<h2 class=\"wp-block-heading\"><strong>Rodada de Conhecimento<\/strong><\/h2>\n\n\n\n<p>Para ajudar o crescimento do setor, a Siescomet (Sindicato da Ind\u00fastria de Esquadrias e Constru\u00e7\u00f5es Met\u00e1licas do Estado de S\u00e3o Paulo) estar\u00e1 presente com rodadas de conhecimento durante os quatro dias da Fesqua este ano. Segundo a executiva Vanessa Accunzo, oficinas e workshops acontecer\u00e3o no estande da entidade, que tamb\u00e9m busca uma interlocu\u00e7\u00e3o com novos associados no evento.<\/p>\n\n\n\n<p>\u201cEstaremos presentes para qualificar o mercado, pois notamos uma defasagem de t\u00e9cnicos de esquadrias, por exemplo. Atuamos em parceria com o Senai (Servi\u00e7o Nacional de Aprendizagem Industrial), que \u00e9 uma grande fonte de inova\u00e7\u00e3o em v\u00e1rios setores da sociedade. Queremos transmitir conhecimento e ajudar no aprimoramento de profissionais do setor\u201d, declarou Accunzo.<\/p>\n\n\n\n<p>Algumas oficinas e cursos do Senai Tatuap\u00e9 devem acontecer durante o evento, que ainda ter\u00e1 um espa\u00e7o reservado pela manh\u00e3 e outro \u00e0 tarde destacando a transforma\u00e7\u00e3o digital na ind\u00fastria. Al\u00e9m disso, a entidade ter\u00e1 \u00f3culos de realidade virtual que permitir\u00e3o uma visita a uma obra sustent\u00e1vel.<\/p>\n\n\n\n<p>\u201cTamb\u00e9m vamos levar uma \u00e1rea de cr\u00e9dito junto a Fiesp (Federa\u00e7\u00e3o das Ind\u00fastrias do Estado de S\u00e3o Paulo), v\u00eddeos dos associados que trabalham com estruturas modulares e promovemos o curso de automa\u00e7\u00e3o, mostrando que \u00e9 poss\u00edvel investir em conhecimento sem gastar muito. Estamos juntos da Fesqua desde sua funda\u00e7\u00e3o e participar da maior feira do segmento \u00e9 muito importante para n\u00f3s\u201d.<\/p>\n\n\n\n<h3 class=\"wp-block-heading\"><strong>Servi\u00e7o:<\/strong><\/h3>\n\n\n\n<h2 class=\"wp-block-heading\"><strong>Fesqua 2024 | Feira Internacional da Ind\u00fastria de Esquadrias<\/strong><\/h2>\n\n\n\n<p><strong>Data:<\/strong> 11 a 14 de setembro de 2024<br><strong>Hor\u00e1rio:<\/strong> 4\u00aa a 6\u00aa \u2013 13h \u00e0s 20h | S\u00e1b. \u2013 11h \u00e0s 18h<br><strong>Local:<\/strong> S\u00e3o Paulo Expo Exhibition &amp; Convention Center<br><strong>Endere\u00e7o:<\/strong> Rodovia dos Imigrantes, 1,5 km \u2013 Vila \u00c1gua Funda, S\u00e3o Paulo \u2013 SP<br><strong>Transporte gratuito:<\/strong> O evento disponibiliza vans pr\u00f3ximas \u00e0 Esta\u00e7\u00e3o Jabaquara, 1 hora antes at\u00e9 1 hora depois do funcionamento da feira.<\/p>\n\n\n\n<p><strong>Mais informa\u00e7\u00f5es<\/strong> <a href=\"https:\/\/fesqua.com.br\/\">neste link<\/a>.<\/p>\n\n\n\n<p><strong>Sobre a Fesqua | <\/strong>Organizada h\u00e1 15 edi\u00e7\u00f5es, a Fesqua \u00e9 considerada um evento relevante no calend\u00e1rio internacional, e \u00e9 realizada pelo Grupo Contramarco em parceria com a IEG Brasil. Tem como foco inova\u00e7\u00f5es para esquadrias, vidros, fachadas, automa\u00e7\u00e3o, port\u00f5es, grades, acess\u00f3rios, ferragens, m\u00e1quinas e equipamentos para esquadrias e vidro. Al\u00e9m de fabricantes de esquadrias, vidraceiros e consultores, \u00e9 frequentada por arquitetos, engenheiros e construtores, projetistas, entre outros profissionais do setor. Mais de 80% do p\u00fablico visitante tem influ\u00eancia sobre a compra, e 96% acreditam que a feira oferece oportunidades de networking.<\/p>\n\n\n\n<p><strong>Sobre o EBRATS |<\/strong> Criado em 1979, o EBRATS \u00e9 reconhecido como uma das principais vitrines para tecnologias e produtos de tratamento de superf\u00edcies para a Am\u00e9rica Latina. Tradicionalmente, a feira acontece em parceria com a ABTS \u2013 Associa\u00e7\u00e3o Brasileira de Tratamentos de Superf\u00edcie. O evento B2B re\u00fane um p\u00fablico qualificado, composto por qu\u00edmicos, engenheiros, t\u00e9cnicos, laboratoristas, fornecedores de produtos qu\u00edmicos e de materiais. Tamb\u00e9m \u00e9 procurado por fabricantes e fornecedores de equipamentos, usu\u00e1rios diretos e indiretos, projetistas, arquitetos, entre outros.<\/p>\n\n\n\n<p><strong>Sobre a Contramarco | <\/strong>Inserido no setor da constru\u00e7\u00e3o civil h\u00e1 25 anos, com foco na ind\u00fastria de esquadrias e vidro, o Grupo Contramarco iniciou suas atividades no ano 2000, lan\u00e7ando a revista <a href=\"http:\/\/www.contramarco.com.br\/\">Contramarco<\/a> e a <a href=\"https:\/\/www.fesqua.com.br\/\">FESQUA<\/a> \u2013 Feira Internacional da Ind\u00fastria de Esquadrias, realizada a cada dois em S\u00e3o Paulo\/SP.<\/p>\n\n\n\n<p>O sucesso crescente dessas duas iniciativas pioneiras no setor da constru\u00e7\u00e3o civil impulsionaram a dire\u00e7\u00e3o do Grupo a criar novos eventos especializados e bem-sucedidos, como o <a href=\"http:\/\/www.saievetro.com.br\/\">SAIE VETRO<\/a> \u2013 Sal\u00e3o da Ind\u00fastria de Esquadrias e Vidro (realizado a cada dois anos em Florian\u00f3polis\/SC); o <a href=\"http:\/\/www.forumcontramarco.com.br\/\">F\u00f3rum Contramarco <\/a>( \u00e9 realizado periodicamente em uma regi\u00e3o do pa\u00eds); o Pr\u00eamio Nelson Firmino (para destacar obras e projetos especiais) e a FESQUA VETRO \u2013 Feira Internacional de Esquadrias e Vidros para Constru\u00e7\u00e3o Civil, que ocorre simultaneamente \u00e0 grande feira FESQUA, considerada a terceira maior do mundo no segmento de esquadrias.<\/p>\n\n\n\n<p>Hoje, o Grupo Contramarco \u00e9 o principal polo gerador de neg\u00f3cios e conex\u00f5es para profissionais da ind\u00fastria de esquadrias e vidro no pa\u00eds.<\/p>\n\n\n\n<p><strong>Sobre o IEG Brasil | <\/strong>Em 2022, o IEG \u2013 Italian Exhibition Group,&nbsp; um dos principais organizadores de feiras e congressos da Europa, iniciou as opera\u00e7\u00f5es no Brasil com o objetivo de expandir sua atua\u00e7\u00e3o no pa\u00eds com o grupo IEG Brasil. Atualmente, onzefeiras integram o portf\u00f3lio da empresa voltadas aos segmentos de fitness, sa\u00fade, bem-estar, esquadrias, tratamento de superf\u00edcie, geotecnologia, drones e espacial integram o portf\u00f3lio da empresa: BTFF \u2013 Brasil Trading Fitness Fair, Fesqua, Fesqua Vetro, Feipat, Ebrats, DroneShow, MundoGEO Connect, SpaceBR, e-VTOL, Expo InfraFM e SBC-Br.O IEG, listado na Bolsa de Mil\u00e3o, se consolidou como l\u00edder na organiza\u00e7\u00e3o de feiras de neg\u00f3cios e congressos na It\u00e1lia e \u00e9 conhecido por sua atua\u00e7\u00e3o em seis categorias: Alimentos &amp; Bebidas; Joalheria &amp; Moda; Bem-Estar, Esporte &amp; Lazer; Turismo &amp; Hospitalidade; Lifestyle &amp; Inova\u00e7\u00e3o; Ambiente &amp; Tecnologia. Hoje, o grupo \u00e9 respons\u00e1vel pela organiza\u00e7\u00e3o de mais de 50 feiras e 190 eventos e congressos.&nbsp; Nos \u00faltimos anos, deu in\u00edcio a um processo de expans\u00e3o no exterior, com aquisi\u00e7\u00f5es e parcerias estrat\u00e9gicas em pa\u00edses como Estados Unidos, Emirados \u00c1rabes, China e Brasil. Em 2023, a empresa faturou \u20ac 212.4 milh\u00f5es, valor 32% maior que o ano anterior, com EBITDA de \u20ac 49.5 milh\u00f5es. Mais informa\u00e7\u00f5es em: <a href=\"http:\/\/www.iegexpo.it\/\">www.iegexpo.it\/<\/a><\/p>\n","protected":false},"excerpt":{"rendered":"<p>Engajamento feminino ajudou a quebrar barreiras, mas segue sendo minoria na constru\u00e7\u00e3o civil, al\u00e9m de receber, em m\u00e9dia, 19,4% a menos que os homens. Segundo o IBGE (Instituto Brasileiro de Geografia e Estat\u00edstica), a participa\u00e7\u00e3o feminina na constru\u00e7\u00e3o civil cresceu 120% entre 2007 e 2018. Nos primeiros cinco meses de 2023, representaram a maioria, com [&hellip;]<\/p>\n","protected":false},"author":2,"featured_media":3214,"comment_status":"open","ping_status":"open","sticky":false,"template":"","format":"standard","meta":{"footnotes":""},"categories":[23],"tags":[],"class_list":{"0":"post-3213","1":"post","2":"type-post","3":"status-publish","4":"format-standard","5":"has-post-thumbnail","7":"category-feirasdenegocios"},"_links":{"self":[{"href":"https:\/\/tveventos.tv.br\/index.php?rest_route=\/wp\/v2\/posts\/3213","targetHints":{"allow":["GET"]}}],"collection":[{"href":"https:\/\/tveventos.tv.br\/index.php?rest_route=\/wp\/v2\/posts"}],"about":[{"href":"https:\/\/tveventos.tv.br\/index.php?rest_route=\/wp\/v2\/types\/post"}],"author":[{"embeddable":true,"href":"https:\/\/tveventos.tv.br\/index.php?rest_route=\/wp\/v2\/users\/2"}],"replies":[{"embeddable":true,"href":"https:\/\/tveventos.tv.br\/index.php?rest_route=%2Fwp%2Fv2%2Fcomments&post=3213"}],"version-history":[{"count":1,"href":"https:\/\/tveventos.tv.br\/index.php?rest_route=\/wp\/v2\/posts\/3213\/revisions"}],"predecessor-version":[{"id":3215,"href":"https:\/\/tveventos.tv.br\/index.php?rest_route=\/wp\/v2\/posts\/3213\/revisions\/3215"}],"wp:featuredmedia":[{"embeddable":true,"href":"https:\/\/tveventos.tv.br\/index.php?rest_route=\/wp\/v2\/media\/3214"}],"wp:attachment":[{"href":"https:\/\/tveventos.tv.br\/index.php?rest_route=%2Fwp%2Fv2%2Fmedia&parent=3213"}],"wp:term":[{"taxonomy":"category","embeddable":true,"href":"https:\/\/tveventos.tv.br\/index.php?rest_route=%2Fwp%2Fv2%2Fcategories&post=3213"},{"taxonomy":"post_tag","embeddable":true,"href":"https:\/\/tveventos.tv.br\/index.php?rest_route=%2Fwp%2Fv2%2Ftags&post=3213"}],"curies":[{"name":"wp","href":"https:\/\/api.w.org\/{rel}","templated":true}]}}