{"id":3216,"date":"2024-09-11T17:00:35","date_gmt":"2024-09-11T20:00:35","guid":{"rendered":"https:\/\/tveventos.tv.br\/?p=3216"},"modified":"2024-09-11T17:00:39","modified_gmt":"2024-09-11T20:00:39","slug":"painel-da-paving-expo-2024-discute-uso-de-ia-para-contratacao-de-mao-de-obra","status":"publish","type":"post","link":"https:\/\/tveventos.tv.br\/?p=3216","title":{"rendered":"Painel da Paving Expo 2024 discute uso de IA para contrata\u00e7\u00e3o de m\u00e3o de obra"},"content":{"rendered":"\n<p>A <a href=\"https:\/\/paving.com.br\/\">Paving Expo<\/a> \u2013 maior evento da \u00e1rea de pavimenta\u00e7\u00e3o e de infraestrutura vi\u00e1ria e rodovi\u00e1ria do Brasil \u2013 organiza o <a href=\"https:\/\/paving.com.br\/?s=paving+pessoas\">Paving Pessoas<\/a>, painel especial sobre Recursos Humanos.<\/p>\n\n\n\n<p>A iniciativa acontece no dia 23 de outubro, segundo dia da feira, das 9h \u00e0s 12h, e foi dividida em duas partes. O encontro faz parte das iniciativas para otimizar a contrata\u00e7\u00e3o de m\u00e3o de obra especializada no setor.<\/p>\n\n\n\n<p>De acordo com levantamento realizado pela STO Feiras, que organiza e feira Paving Expo, essa \u00e9 apontada como uma das dores do segmento.<\/p>\n\n\n\n<p>Mediado pelo jornalista Phelipe Siani, a abertura do painel acontece com a palestra de C\u00edntia Chagas, especialista em comunica\u00e7\u00e3o, palestrante, escritora e educadora.<\/p>\n\n\n\n<p>Ela j\u00e1 soma mais de 5 milh\u00f5es de seguidores no Instagram e ganha cerca de 20 mil novos seguidores por dia.&nbsp;<\/p>\n\n\n\n<p>Ap\u00f3s a palestra de C\u00edntia, o painel traz um debate com a participa\u00e7\u00e3o do especialista em RH Marcelo Vasconcelos. A ideia \u00e9 discutir o papel da Intelig\u00eancia Artificial (IA) em atividades de recrutamento e gest\u00e3o de pessoas.&nbsp;<\/p>\n\n\n\n<p>Para fazer parte da discuss\u00e3o, a Paving Expo convidou quatro executivos da \u00e1rea de RH. S\u00e3o eles:<\/p>\n\n\n\n<p>\u2013 Alessandro Vay, diretor de Opera\u00e7\u00f5es &amp; Recursos Humanos para a Am\u00e9rica do Sul na Cushman &amp; Wakefield; Daniel Waibel, People Business Partner Manager do Mercado Livre;<\/p>\n\n\n\n<p>\u2013 Elcio Trajano Jr,, Head of HR da Eldorado Brasil Celulose; e Renato Dip, executivo s\u00eanior de Recursos Humanos da Armac.&nbsp;<\/p>\n\n\n\n<p>\u201cA ideia \u00e9 reunir especialistas de v\u00e1rias \u00e1reas para discutir temas importantes de capital humano, que tamb\u00e9m fazem parte da preocupa\u00e7\u00e3o do setor de constru\u00e7\u00e3o, inclusive o segmento vi\u00e1rio\u201d, explica Guilherme Ramos, diretor da STO Feiras.&nbsp;<\/p>\n\n\n\n<p>Segundo ele, durante o evento, especialistas em RH da consultoria Black Lion \u2013 que tamb\u00e9m participa do debate \u2013 v\u00e3o prestar uma orienta\u00e7\u00e3o b\u00e1sica e gratuita sobre elabora\u00e7\u00e3o de curr\u00edculos e constru\u00e7\u00e3o de networking em um estande especial.&nbsp;<\/p>\n\n\n\n<p>A feira tamb\u00e9m refor\u00e7ar\u00e1 seu car\u00e1ter de networking, uma vez que reunir\u00e1 profissionais do setor e potenciais candidatos a trabalhar na \u00e1rea, como engenheiros, t\u00e9cnicos e operadores de m\u00e1quinas.<\/p>\n","protected":false},"excerpt":{"rendered":"<p>A Paving Expo \u2013 maior evento da \u00e1rea de pavimenta\u00e7\u00e3o e de infraestrutura vi\u00e1ria e rodovi\u00e1ria do Brasil \u2013 organiza o Paving Pessoas, painel especial sobre Recursos Humanos. A iniciativa acontece no dia 23 de outubro, segundo dia da feira, das 9h \u00e0s 12h, e foi dividida em duas partes. O encontro faz parte das [&hellip;]<\/p>\n","protected":false},"author":2,"featured_media":3217,"comment_status":"open","ping_status":"open","sticky":false,"template":"","format":"standard","meta":{"footnotes":""},"categories":[23],"tags":[],"class_list":{"0":"post-3216","1":"post","2":"type-post","3":"status-publish","4":"format-standard","5":"has-post-thumbnail","7":"category-feirasdenegocios"},"_links":{"self":[{"href":"https:\/\/tveventos.tv.br\/index.php?rest_route=\/wp\/v2\/posts\/3216","targetHints":{"allow":["GET"]}}],"collection":[{"href":"https:\/\/tveventos.tv.br\/index.php?rest_route=\/wp\/v2\/posts"}],"about":[{"href":"https:\/\/tveventos.tv.br\/index.php?rest_route=\/wp\/v2\/types\/post"}],"author":[{"embeddable":true,"href":"https:\/\/tveventos.tv.br\/index.php?rest_route=\/wp\/v2\/users\/2"}],"replies":[{"embeddable":true,"href":"https:\/\/tveventos.tv.br\/index.php?rest_route=%2Fwp%2Fv2%2Fcomments&post=3216"}],"version-history":[{"count":1,"href":"https:\/\/tveventos.tv.br\/index.php?rest_route=\/wp\/v2\/posts\/3216\/revisions"}],"predecessor-version":[{"id":3218,"href":"https:\/\/tveventos.tv.br\/index.php?rest_route=\/wp\/v2\/posts\/3216\/revisions\/3218"}],"wp:featuredmedia":[{"embeddable":true,"href":"https:\/\/tveventos.tv.br\/index.php?rest_route=\/wp\/v2\/media\/3217"}],"wp:attachment":[{"href":"https:\/\/tveventos.tv.br\/index.php?rest_route=%2Fwp%2Fv2%2Fmedia&parent=3216"}],"wp:term":[{"taxonomy":"category","embeddable":true,"href":"https:\/\/tveventos.tv.br\/index.php?rest_route=%2Fwp%2Fv2%2Fcategories&post=3216"},{"taxonomy":"post_tag","embeddable":true,"href":"https:\/\/tveventos.tv.br\/index.php?rest_route=%2Fwp%2Fv2%2Ftags&post=3216"}],"curies":[{"name":"wp","href":"https:\/\/api.w.org\/{rel}","templated":true}]}}