{"id":3219,"date":"2024-09-11T17:07:26","date_gmt":"2024-09-11T20:07:26","guid":{"rendered":"https:\/\/tveventos.tv.br\/?p=3219"},"modified":"2024-09-11T17:07:29","modified_gmt":"2024-09-11T20:07:29","slug":"expopostos-2024-expande-60-e-se-internacionaliza-em-sua-maior-edicao-dos-ultimos-30-anos","status":"publish","type":"post","link":"https:\/\/tveventos.tv.br\/?p=3219","title":{"rendered":"ExpoPostos 2024 expande 60% e se internacionaliza em sua maior edi\u00e7\u00e3o dos \u00faltimos 30 anos"},"content":{"rendered":"\n<p class=\"has-text-align-center\"><em>Especialistas como Tadashi Suzuki, Diretor de Entrada em Novos Mercados da 7-Eleven Internacional, e Roberto D\u00edaz de Le\u00f3n, Vice-presidente do Consejo Mexicano de Energia (COMENER), est\u00e3o entre os nomes confirmados para participa\u00e7\u00e3o no F\u00f3rum.<\/em><\/p>\n\n\n\n<p>Entre os dias 10, 11 e 12 de setembro ocorrer\u00e1, em S\u00e3o Paulo, a 22\u00aa ExpoPostos &amp; Conveni\u00eancia, maior feira de postos de servi\u00e7os, equipamentos, lojas de conveni\u00eancia e food service da Am\u00e9rica Latina. O evento, que ter\u00e1 em 2024 a maior edi\u00e7\u00e3o de sua hist\u00f3ria, com mais de 250 expositores de refer\u00eancia que apresentar\u00e3o as tend\u00eancias de mercado para o setor, contar\u00e1 com um f\u00f3rum integrado, por meio do qual ser\u00e1 poss\u00edvel debater as expertises e tend\u00eancias em pa\u00edses como Brasil, EUA, M\u00e9xico, Argentina e Costa Rica.&nbsp;<\/p>\n\n\n\n<p>Com mais de 30 mil visitantes qualificados, sendo 18 mil decisores diretos (oriundos de todas as partes do Brasil), a feira, a maior feira do setor da Am\u00e9rica Latina, tamb\u00e9m tem como proposta trazer as inova\u00e7\u00f5es, qualidade e os processos tecnol\u00f3gicos, bem como os procedimentos de gest\u00e3o e de lideran\u00e7a que proporcionaram uma ampla evolu\u00e7\u00e3o do segmento.<\/p>\n\n\n\n<p>Nos tr\u00eas dias de evento, os presentes poder\u00e3o acompanhar as diversas solu\u00e7\u00f5es oferecidas ao mercado pelos expositores, como produtos que se diferenciam pelas caracter\u00edsticas exclusivas proporcionadas aos clientes. Neste ano, a feira reunir\u00e1 os melhores fornecedores, entidades e colaboradores da categoria, tendo como foco a expans\u00e3o e ascens\u00e3o dos neg\u00f3cios, que somente em 2023 movimentou mais de R$180 milh\u00f5es.<\/p>\n\n\n\n<p>Al\u00e9m disso, durante a feira, os expositores v\u00e3o contar com espa\u00e7os exclusivos, denominados Arenas de Conhecimento, para exibirem os lan\u00e7amentos de produtos, novas tecnologias e solu\u00e7\u00f5es, inova\u00e7\u00f5es e cases de sucesso de forma gratuita aos visitantes.<\/p>\n\n\n\n<p>De acordo com Tatiana Zaccaro,&nbsp; diretora de unidade da GL Events, respons\u00e1vel pela promo\u00e7\u00e3o e organiza\u00e7\u00e3o da ExpoPostos, a feira possibilita a exposi\u00e7\u00e3o de projetos inovadores que incentivam as atividades entre os profissionais, clientes e parceiros de neg\u00f3cios, sempre com o objetivo de promover o amplo desenvolvimento do setor, de forma que torna-se cada vez mais preparado para os desafios do futuro\u201d, conclui.<\/p>\n\n\n\n<p>A ExpoPostos &amp; Conveni\u00eancia \u00e9 uma realiza\u00e7\u00e3o da GL events, da Fecombust\u00edveis e da Associa\u00e7\u00e3o Brasileira das Empresas de Equipamentos e de Servi\u00e7os para o Mercado de Combust\u00edveis e de Conveni\u00eancia (ABIEPS).<\/p>\n\n\n\n<p>Servi\u00e7o<\/p>\n\n\n\n<p>16\u00aa EXPOPOSTOS &amp; CONVENI\u00caNCIA<br>Data: de 10 a 12 de setembro de 2024.<br>Hor\u00e1rio: Feira, das 13h \u00e0s 22h. F\u00f3rum, das 08h30 \u00e0s 13h30.<br>Local: S\u00e3o Paulo Expo (Rodovia dos Imigrantes Km 1,5 \u2013 Vila \u00c1gua Funda, S\u00e3o Paulo \u2013 SP)<br>Mais informa\u00e7\u00f5es: https:\/\/expopostos.com.br\/ | facebook.com\/ExpoPostos | @expopostos<br>Programa\u00e7\u00e3o do F\u00f3rum: https:\/\/expopostos.com.br\/programacao-forum-internacional-2024\/<br>Credenciamento Imprensa: <a href=\"https:\/\/www.sympla.com.br\/imprensa---expopostos--conveniencia__2431887\">https:\/\/www.sympla.com.br\/imprensa\u2014expopostos\u2013conveniencia__2431887<br><\/a>Mais informa\u00e7\u00f5es: <a href=\"http:\/\/www.expopostos.com.br\/\">www.expopostos.com.br<\/a>&nbsp; | @expopostos<\/p>\n\n\n\n<p>Sobre a ExpoPostos &amp; Conveni\u00eancia<\/p>\n\n\n\n<p>A ExpoPostos &amp; Conveni\u00eancia \u00e9 o evento oficial dos representantes de distribui\u00e7\u00e3o e revenda de derivados de petr\u00f3leo, lojas de conveni\u00eancia e food service do Brasil. A feira apresenta as \u00faltimas tend\u00eancias e novidades do mercado, incluindo novos produtos, equipamentos, servi\u00e7os e tecnologias voltadas ao setor. O evento recebe em paralelo, o F\u00f3rum Internacional de Postos de Servi\u00e7os, Equipamentos, Lojas de Conveni\u00eancia e Food Service, que aborda temas relevantes para o mercado, junto aos especialistas nacionais e internacionais do segmento. O evento acontece de 10 a 12 de setembro de 2024, no S\u00e3o Paulo Expo, em S\u00e3o Paulo.<\/p>\n\n\n\n<p>Sobre a GL events<\/p>\n\n\n\n<p>A multinacional francesa GL events \u00e9 um dos principais players do mercado de eventos no mundo. Presente em 27 destinos nos cinco continentes, a companhia gerencia 52 espa\u00e7os e \u00e9 especialista no atendimento \u00e0 toda cadeia do setor \u2013 desde a concep\u00e7\u00e3o \u00e0 realiza\u00e7\u00e3o de eventos, passando pela produ\u00e7\u00e3o e oferta de servi\u00e7os. Sua experi\u00eancia foi constru\u00edda em mais de 40 anos de atua\u00e7\u00e3o. O grupo possui 315 festivais e feiras propriet\u00e1rios.<\/p>\n\n\n\n<p>Sobre a Fecombust\u00edveis<\/p>\n\n\n\n<p>A Federa\u00e7\u00e3o Nacional do Com\u00e9rcio de Combust\u00edveis e de Lubrificantes (Fecombust\u00edveis) \u00e9 formada por 34 sindicatos patronais e a Abrag\u00e1s e representa os interesses de aproximadamente 43 mil postos revendedores de combust\u00edveis que atuam em todo o territ\u00f3rio nacional, al\u00e9m do segmento de Transportadores-Revendedores-Retalhistas (TRRs), revendedores de GLP e o mercado de lubrificantes. A Federa\u00e7\u00e3o \u00e9 filiada \u00e0 CNC (Confedera\u00e7\u00e3o Nacional do Com\u00e9rcio de Bens, Servi\u00e7os e Turismo) e faz parte da CLAEC (Comiss\u00e3o Latino-Americana de Empres\u00e1rios de Combust\u00edveis).Presente na cadeia h\u00e1 mais de 63 anos, a Fecombust\u00edveis implementa diferentes a\u00e7\u00f5es a fim de defender os leg\u00edtimos interesses de seus associados, incentiva a realiza\u00e7\u00e3o de semin\u00e1rios, congressos e estudos, por meio de seus sindicatos filiados, em prol da qualifica\u00e7\u00e3o do empresariado da revenda, com difus\u00e3o de valores de cidadania corporativa, estudos, al\u00e9m de acesso \u00e0s mais novas tend\u00eancias de gest\u00e3o e tecnologias de informa\u00e7\u00e3o.<\/p>\n\n\n\n<p>Sobre a Abieps<\/p>\n\n\n\n<p>Desde agosto de 2001, a Associa\u00e7\u00e3o Brasileira das Empresas de Equipamentos e de Servi\u00e7os para o Mercado de Combust\u00edveis e de Conveni\u00eancia (ABIEPS) re\u00fane os fabricantes de equipamentos, distribuidores, representantes comerciais e os prestadores de servi\u00e7o que atuam no segmento de postos de combust\u00edveis e suas lojas de conveni\u00eancia.<\/p>\n","protected":false},"excerpt":{"rendered":"<p>Especialistas como Tadashi Suzuki, Diretor de Entrada em Novos Mercados da 7-Eleven Internacional, e Roberto D\u00edaz de Le\u00f3n, Vice-presidente do Consejo Mexicano de Energia (COMENER), est\u00e3o entre os nomes confirmados para participa\u00e7\u00e3o no F\u00f3rum. Entre os dias 10, 11 e 12 de setembro ocorrer\u00e1, em S\u00e3o Paulo, a 22\u00aa ExpoPostos &amp; Conveni\u00eancia, maior feira de [&hellip;]<\/p>\n","protected":false},"author":2,"featured_media":3220,"comment_status":"open","ping_status":"open","sticky":false,"template":"","format":"standard","meta":{"footnotes":""},"categories":[23],"tags":[],"class_list":{"0":"post-3219","1":"post","2":"type-post","3":"status-publish","4":"format-standard","5":"has-post-thumbnail","7":"category-feirasdenegocios"},"_links":{"self":[{"href":"https:\/\/tveventos.tv.br\/index.php?rest_route=\/wp\/v2\/posts\/3219","targetHints":{"allow":["GET"]}}],"collection":[{"href":"https:\/\/tveventos.tv.br\/index.php?rest_route=\/wp\/v2\/posts"}],"about":[{"href":"https:\/\/tveventos.tv.br\/index.php?rest_route=\/wp\/v2\/types\/post"}],"author":[{"embeddable":true,"href":"https:\/\/tveventos.tv.br\/index.php?rest_route=\/wp\/v2\/users\/2"}],"replies":[{"embeddable":true,"href":"https:\/\/tveventos.tv.br\/index.php?rest_route=%2Fwp%2Fv2%2Fcomments&post=3219"}],"version-history":[{"count":1,"href":"https:\/\/tveventos.tv.br\/index.php?rest_route=\/wp\/v2\/posts\/3219\/revisions"}],"predecessor-version":[{"id":3221,"href":"https:\/\/tveventos.tv.br\/index.php?rest_route=\/wp\/v2\/posts\/3219\/revisions\/3221"}],"wp:featuredmedia":[{"embeddable":true,"href":"https:\/\/tveventos.tv.br\/index.php?rest_route=\/wp\/v2\/media\/3220"}],"wp:attachment":[{"href":"https:\/\/tveventos.tv.br\/index.php?rest_route=%2Fwp%2Fv2%2Fmedia&parent=3219"}],"wp:term":[{"taxonomy":"category","embeddable":true,"href":"https:\/\/tveventos.tv.br\/index.php?rest_route=%2Fwp%2Fv2%2Fcategories&post=3219"},{"taxonomy":"post_tag","embeddable":true,"href":"https:\/\/tveventos.tv.br\/index.php?rest_route=%2Fwp%2Fv2%2Ftags&post=3219"}],"curies":[{"name":"wp","href":"https:\/\/api.w.org\/{rel}","templated":true}]}}