{"id":322,"date":"2023-09-04T09:07:33","date_gmt":"2023-09-04T12:07:33","guid":{"rendered":"http:\/\/tveventos.tv.br\/?p=322"},"modified":"2023-09-05T09:08:50","modified_gmt":"2023-09-05T12:08:50","slug":"wagner-molina-primeiro-plano","status":"publish","type":"post","link":"https:\/\/tveventos.tv.br\/?p=322","title":{"rendered":"Wagner Molina &#8211; Primeiro Plano"},"content":{"rendered":"\n<p>\u00c9 um fato conhecido que a sa\u00fade, higiene e organiza\u00e7\u00e3o s\u00e3o aspectos importantes do nosso dia a dia. Em grandes eventos, servi\u00e7os de limpeza s\u00e3o essenciais e empresas especializadas ganham um maior destaque.<\/p>\n\n\n\n<p>Este \u00e9 o caso da Primeiro Plano. Fundada em 2004, passou por uma mudan\u00e7a na dire\u00e7\u00e3o geral quando Wagner Molina, at\u00e9 ent\u00e3o gerente comercial, decidiu aumentar ainda mais sua conex\u00e3o com a empresa.<\/p>\n\n\n\n<p>Molina atua como propriet\u00e1rio desde 2014, e conta que sua primeira meta era a moderniza\u00e7\u00e3o de estrat\u00e9gias, servi\u00e7os e at\u00e9 mesmo produtos e tecnologias usadas pela equipe.<\/p>\n\n\n\n<p>Apesar de trabalhar com uma equipe inteiramente aut\u00f4noma, Wagner acredita ser importante manter uma lista de contatos bem elaborada, para que possam sempre entregar o mesmo n\u00edvel de qualidade do servi\u00e7o em todos eventos que v\u00e3o.<\/p>\n\n\n\n<p>\u201c\u00c9 uma m\u00e3o de obra diferente. Ela gosta de passear e estar em lugares novos, e esses eventos trazem isso,\u201d diz Wagner sobre os colaboradores.<\/p>\n\n\n\n<p>Quando questionado sobre desafios da \u00e1rea, Wagner diz que gostaria de ver mais estrutura no mercado de limpeza de eventos.<\/p>\n\n\n\n<p>\u201cOs promotores de evento, por exemplo, sentam em uma mesa e juntos resolvem quest\u00f5es do mercado,\u201d ele aponta, \u201cPor\u00e9m, no mercado de limpeza n\u00e3o temos isso [entre concorrentes].\u201d<\/p>\n\n\n\n<p>O propriet\u00e1rio da Primeiro Plano explica que muitos desafios seriam melhores resolvidos em conjunto com a concorr\u00eancia. Estabelecer um padr\u00e3o de qualidade, uma margem de pre\u00e7os, e uma pr\u00e1tica estruturada de presta\u00e7\u00e3o de servi\u00e7os, s\u00f3 iria beneficiar o mercado e fortalecer a atua\u00e7\u00e3o destas empresas, de acordo com Molina.<\/p>\n\n\n\n<p>Outro desafio que Wagner mencionou encontrar no prop\u00f3sito de sua meta de moderniza\u00e7\u00e3o da empresa, foi tamb\u00e9m a demanda por produtos sustent\u00e1veis. Por ser algo mais cultural, a demanda \u00e9 baixa ainda pelo aumento do custo do servi\u00e7o.<\/p>\n\n\n\n<p>Algumas grandes empresas contratantes da Primeiro Plano, j\u00e1 requisitaram o uso de produtos e equipamentos que teriam um menor impacto no meio ambiente, por\u00e9m elas j\u00e1 vieram preparadas para arcar com este tipo de custo.<\/p>\n\n\n\n<p>A Primeiro Plano estourou em 1996 quando fez seu primeiro grande servi\u00e7o em um evento \u2013 A 14\u00aa Bienal do Livro, um evento que recebeu um total de mais de um milh\u00e3o de pessoas desde seu in\u00edcio at\u00e9 o final.<\/p>\n\n\n\n<p>N\u00e3o s\u00f3 o primeiro trabalho deles em um n\u00edvel de grande porte foi um sucesso, como tamb\u00e9m acabaram ganhando espa\u00e7o na m\u00eddia quando um faxineiro da empresa encontrou uma bomba, e comunicou aos respons\u00e1veis do evento.<\/p>\n\n\n\n<p>Na \u00e9poca, os convidados foram evacuados em seguran\u00e7a e tudo gra\u00e7as aos esfor\u00e7os do colaborador da Primeiro Plano que achou a bomba no cesto de lixo do Pavilh\u00e3o Vermelho da Expo Center Norte. Mais de 500 crian\u00e7as se encontravam no pavilh\u00e3o, e um total de 40 mil pessoas no geral estavam presentes, de acordo com a reportagem da Folha de S. Paulo.<\/p>\n\n\n\n<p>Durante a retomada ap\u00f3s a pandemia, Molina diz que seu maior objetivo continua sendo estabelecer um bom padr\u00e3o de qualidade para seu servi\u00e7o e modernizar a empresa para assim alinhar as expectativas \u00e0s novas demandas do mercado.<\/p>\n\n\n\n<p>Wagner Molina \u00e9 um empres\u00e1rio natural da cidade de S\u00e3o Paulo, no Brasil. Ele come\u00e7ou sua jornada profissional como atendente de banco, e depois de um per\u00edodo na empresa, prestou concurso p\u00fablico para ser efetuado. Graduado em economia pela PUC em 1990 e marketing pelo SENAC em 2020, Wagner se juntou \u00e0 Primeiro Plano em 2004. Ap\u00f3s um tempo trabalhando no banco, Molina recebeu uma oportunidade de trabalhar na \u00e1rea comercial como gerente de atendimento de neg\u00f3cios. H\u00e1 12 anos Wagner se torna propriet\u00e1rio da Primeiro Plano, onde continua no cargo at\u00e9 hoje.Texto por: Tha\u00efs Grandisoli.<\/p>\n","protected":false},"excerpt":{"rendered":"<p>\u00c9 um fato conhecido que a sa\u00fade, higiene e organiza\u00e7\u00e3o s\u00e3o aspectos importantes do nosso dia a dia. Em grandes eventos, servi\u00e7os de limpeza s\u00e3o essenciais e empresas especializadas ganham um maior destaque. Este \u00e9 o caso da Primeiro Plano. Fundada em 2004, passou por uma mudan\u00e7a na dire\u00e7\u00e3o geral quando Wagner Molina, at\u00e9 ent\u00e3o [&hellip;]<\/p>\n","protected":false},"author":1,"featured_media":323,"comment_status":"open","ping_status":"open","sticky":false,"template":"","format":"standard","meta":{"footnotes":""},"categories":[24],"tags":[],"class_list":{"0":"post-322","1":"post","2":"type-post","3":"status-publish","4":"format-standard","5":"has-post-thumbnail","7":"category-perfis"},"_links":{"self":[{"href":"https:\/\/tveventos.tv.br\/index.php?rest_route=\/wp\/v2\/posts\/322","targetHints":{"allow":["GET"]}}],"collection":[{"href":"https:\/\/tveventos.tv.br\/index.php?rest_route=\/wp\/v2\/posts"}],"about":[{"href":"https:\/\/tveventos.tv.br\/index.php?rest_route=\/wp\/v2\/types\/post"}],"author":[{"embeddable":true,"href":"https:\/\/tveventos.tv.br\/index.php?rest_route=\/wp\/v2\/users\/1"}],"replies":[{"embeddable":true,"href":"https:\/\/tveventos.tv.br\/index.php?rest_route=%2Fwp%2Fv2%2Fcomments&post=322"}],"version-history":[{"count":1,"href":"https:\/\/tveventos.tv.br\/index.php?rest_route=\/wp\/v2\/posts\/322\/revisions"}],"predecessor-version":[{"id":324,"href":"https:\/\/tveventos.tv.br\/index.php?rest_route=\/wp\/v2\/posts\/322\/revisions\/324"}],"wp:featuredmedia":[{"embeddable":true,"href":"https:\/\/tveventos.tv.br\/index.php?rest_route=\/wp\/v2\/media\/323"}],"wp:attachment":[{"href":"https:\/\/tveventos.tv.br\/index.php?rest_route=%2Fwp%2Fv2%2Fmedia&parent=322"}],"wp:term":[{"taxonomy":"category","embeddable":true,"href":"https:\/\/tveventos.tv.br\/index.php?rest_route=%2Fwp%2Fv2%2Fcategories&post=322"},{"taxonomy":"post_tag","embeddable":true,"href":"https:\/\/tveventos.tv.br\/index.php?rest_route=%2Fwp%2Fv2%2Ftags&post=322"}],"curies":[{"name":"wp","href":"https:\/\/api.w.org\/{rel}","templated":true}]}}