{"id":3222,"date":"2024-09-12T16:48:53","date_gmt":"2024-09-12T19:48:53","guid":{"rendered":"https:\/\/tveventos.tv.br\/?p=3222"},"modified":"2024-09-12T16:48:57","modified_gmt":"2024-09-12T19:48:57","slug":"abtcp-convida-para-o-56-o-congresso-e-exposicao-internacional-de-celulose-e-papel","status":"publish","type":"post","link":"https:\/\/tveventos.tv.br\/?p=3222","title":{"rendered":"ABTCP convida para o 56.\u00ba Congresso e Exposi\u00e7\u00e3o Internacional de Celulose e Papel"},"content":{"rendered":"\n<p class=\"has-text-align-center\">Maior encontro da cadeia produtiva da ind\u00fastria de base florestal da Am\u00e9rica Latina contempla<br>uma programa\u00e7\u00e3o t\u00e9cnica robusta aliada \u00e0 exposi\u00e7\u00e3o das \u00faltimas tend\u00eancias tecnol\u00f3gicas do<br>setor<\/p>\n\n\n\n<p>A transforma\u00e7\u00e3o digital dos processos produtivos e o respectivo potencial para promover ganhos em circularidade e demais a\u00e7\u00f5es inovadoras da agenda ESG ir\u00e3o pautar a programa\u00e7\u00e3o do ABTCP 2024 \u2014 56.\u00ba Congresso e Exposi\u00e7\u00e3o Internacional de Celulose e Papel.&nbsp; A pr\u00f3xima edi\u00e7\u00e3o do evento que representa o maior encontro da cadeia produtiva da ind\u00fastria de base florestal da Am\u00e9rica Latina ser\u00e1 realizada entre os dias 1 e 3 de outubro, no Expo Transam\u00e9rica, em S\u00e3o Paulo (SP).&nbsp;<\/p>\n\n\n\n<p>Organizado e promovido pela Associa\u00e7\u00e3o Brasileira T\u00e9cnica de Celulose e Papel (ABTCP), o evento se apresentar\u00e1 em formato presencial, fortalecendo a j\u00e1 consistente rede de relacionamento do setor e oferecendo in\u00fameras oportunidades de atualiza\u00e7\u00e3o ao longo de seus tr\u00eas dias de realiza\u00e7\u00e3o. Executivos e profissionais que atuam na ind\u00fastria de celulose e papel, assim como estudantes e profissionais de outras \u00e1reas de atua\u00e7\u00e3o poder\u00e3o atualizar os seus conhecimentos e conferir as \u00faltimas tend\u00eancias sobre uma variedade extensa de temas, a partir da pauta principal. &#8220;A solenidade de abertura, que tradicionalmente acontece na manh\u00e3 do primeiro dia do evento, sempre conta com participa\u00e7\u00f5es relevantes para debater as atualidades acerca de todos os integrantes dessa ampla cadeia produtiva e certamente j\u00e1 vale a reserva na agenda\u201d, convida Darcio Berni, diretor executivo da ABTCP.&nbsp;&nbsp;<\/p>\n\n\n\n<p>Berni destaca que o sucesso do Congresso realizado no ano passado, que somou 120 palestras t\u00e9cnicas, nove apresenta\u00e7\u00f5es de keynotes e 54 trabalhos exibidos em formato de p\u00f4ster, refor\u00e7a as expectativas positivas para esta pr\u00f3xima edi\u00e7\u00e3o do evento. \u201cOs n\u00fameros refletem um recorde de trabalhos inscritos para o ABTCP 2023. Tanto a qualidade t\u00e9cnica dos estudos e das apresenta\u00e7\u00f5es foram elogiadas pelo p\u00fablico quanto os detalhes relacionados \u00e0 organiza\u00e7\u00e3o que sustenta um encontro anual deste porte\u201d, comenta o diretor executivo da ABTCP. Ele lembra que a ABTCP disp\u00f5e de um comit\u00ea avaliador qualificado, que agrega trabalhos e contribui\u00e7\u00f5es atuais de membros da academia e de profissionais de empresas de tecnologia nacionais e estrangeiras para que o p\u00fablico participante fique a par dos principais desenvolvimentos do setor.&nbsp;<\/p>\n\n\n\n<p>Autores de artigos t\u00e9cnicos alinhados \u00e0 pauta central do ABTCP 2024, interessados em apresentar suas descobertas mais recentes no evento, podem enviar os respectivos t\u00edtulos e resumos at\u00e9 o dia 8 de abril. &#8220;As sess\u00f5es t\u00e9cnicas s\u00e3o divididas por \u00e1reas, como Celulose, Papel, Meio Ambiente, Recupera\u00e7\u00e3o e Energia, entre outras, para que o enfoque da edi\u00e7\u00e3o seja aprofundado em diferentes vieses, sempre com o respaldo de um comit\u00ea avaliador atuante e ciente das demandas mais atuais do setor\u201d, evidencia Viviane Nunes, head of Education da ABTCP. No link https:\/\/abtcp2024.org.br\/chamada-de-trabalhos \u00e9 poss\u00edvel conferir as informa\u00e7\u00f5es completas sobre o calend\u00e1rio e as regras espec\u00edficas para a submiss\u00e3o dos artigos.<\/p>\n\n\n\n<p>&#8220;Vamos discutir quest\u00f5es sobre o papel do setor no planeta, envolvendo os elementos ar, \u00e1gua, fauna e flora, e terra, fatores t\u00e3o essenciais para a perenidade de nosso neg\u00f3cio e que precisamos sempre nos manter na fun\u00e7\u00e3o de guardi\u00f5es. Al\u00e9m disso, vamos tratar de temas atuais extremamente importantes n\u00e3o apenas para o nosso setor, mas para a sociedade como um todo, devido \u00e0 transversalidade que trazem, a exemplo da transforma\u00e7\u00e3o digital e da economia circular\u201d, incentiva Ari Medeiros, diretor de Opera\u00e7\u00f5es Industriais da Veracel, eleito presidente do Congresso ABTCP 2024. &#8220;Minha miss\u00e3o como presidente do Congresso ABTCP 2024 \u00e9 representar esse setor t\u00e3o importante para a economia nacional e buscar ser uma refer\u00eancia para jovens que, assim como o Ari de 1984, que participou de seu primeiro Congresso ABTCP, queiram construir suas carreiras e prop\u00f3sitos profissionais dentro do setor de papel e celulose\u201d, completa, com entusiasmo.&nbsp;<\/p>\n\n\n\n<p>Em paralelo \u00e0 programa\u00e7\u00e3o do Congresso, o p\u00fablico poder\u00e1 conferir as tecnologias de ponta dos fornecedores e os cases de sucesso dos fabricantes participantes da Exposi\u00e7\u00e3o, que ocorre a cada dois anos. At\u00e9 o momento, 122 empresas est\u00e3o confirmadas no espa\u00e7o que contempla uma \u00e1rea total de 8 mil m2, sendo 3,5 mil m2 disponibilizados para os estandes expositores \u2014 o n\u00famero de confirma\u00e7\u00f5es j\u00e1 supera a participa\u00e7\u00e3o das 78 empresas presentes na feira expositora de 2022 e promete ainda mais novidades para a edi\u00e7\u00e3o deste ano. &#8220;Teremos uma \u00e1rea de inova\u00e7\u00e3o, com o prop\u00f3sito de apresentar ideias de startups para o setor e promover aproxima\u00e7\u00e3o entre diferentes players. Em abril, lan\u00e7aremos o Manual do Expositor e, com isso, daremos in\u00edcio ao processo de produ\u00e7\u00e3o da exposi\u00e7\u00e3o, divulgando as pr\u00f3ximas informa\u00e7\u00f5es\u201d, revela Milena Lima, respons\u00e1vel pela organiza\u00e7\u00e3o da exposi\u00e7\u00e3o, sobre as etapas preparat\u00f3rias.<\/p>\n\n\n\n<p>Medeiros ressalta que a ABTCP \u00e9 uma associa\u00e7\u00e3o estrat\u00e9gica e fundamental para o setor. &#8220;Al\u00e9m de unir as lideran\u00e7as do setor e fomentar discuss\u00f5es positivas e buscas por melhorias, a ABTCP desempenha um papel essencial na forma\u00e7\u00e3o t\u00e9cnica dos profissionais das empresas e do mercado em geral. Iniciativas como os cursos oferecidos, a Rede de Inova\u00e7\u00e3o, o rec\u00e9m-lan\u00e7ado ABTCPflix e a Universidade Setorial hoje comp\u00f5em a base da forma\u00e7\u00e3o t\u00e9cnica e o desenvolvimento de talentos das empresas. Tamb\u00e9m \u00e9 v\u00e1lido destacar que os eventos promovidos pela ABTCP t\u00eam como objetivo fortalecer ainda mais essa estrutura, proporcionando um ambiente prop\u00edcio para a troca de conhecimento e experi\u00eancias entre os profissionais do setor\u201d, elogia a atua\u00e7\u00e3o da entidade como principal elo de dissemina\u00e7\u00e3o de informa\u00e7\u00f5es e inova\u00e7\u00f5es tecnol\u00f3gicas que agregam compet\u00eancias diversas \u00e0 ind\u00fastria de \u00e1rvores cultivadas.&nbsp;<\/p>\n\n\n\n<p>Durante o Congresso e Exposi\u00e7\u00e3o Internacional de Celulose e Papel, a ABTCP realizar\u00e1 a assembleia anual, oportunidade que re\u00fane associados para compartilhar detalhes sobre as frentes de trabalho em andamento e que consolida o espa\u00e7o de di\u00e1logo com os players do setor. A ocasi\u00e3o tamb\u00e9m ser\u00e1 marcada pelo jantar de confraterniza\u00e7\u00e3o com a premia\u00e7\u00e3o Destaques do Setor \u2014 na edi\u00e7\u00e3o deste ano, o Jantar ABTCP ser\u00e1 realizado na noite de 2 de outubro, na Casa Giardini, no Campo Belo, em S\u00e3o Paulo. Entregue h\u00e1 mais de 20 anos, o pr\u00eamio \u00e9 destinado aos fabricantes e fornecedores da ind\u00fastria de celulose e papel do Brasil que oferecem e compartilham inova\u00e7\u00f5es e pr\u00e1ticas bem-sucedidas, agregando mais valor e bagagem t\u00e9cnica a toda a cadeia produtiva.&nbsp;<\/p>\n\n\n\n<p><strong>ABTCP 2024 \u2014 56.\u00ba Congresso e Exposi\u00e7\u00e3o Internacional de Celulose e Papel&nbsp;<\/strong><\/p>\n\n\n\n<p><strong>Tema:<\/strong> A transforma\u00e7\u00e3o digital dos processos produtivos, promovendo ganhos em circularidade e em a\u00e7\u00f5es inovadoras da agenda ESG<\/p>\n\n\n\n<p><strong>&nbsp;Data:<\/strong> 1 a 3 de outubro de 2024<\/p>\n\n\n\n<p><strong>&nbsp;Local: <\/strong>Expo Transam\u00e9rica (S\u00e3o Paulo\/SP)&nbsp;<\/p>\n\n\n\n<p><strong>Regras para submiss\u00e3o de trabalhos: <\/strong><a href=\"https:\/\/abtcp2024.org.br\/regras-para-submissao\">https:\/\/abtcp2024.org.br\/regras-para-submissao<\/a> <strong>Mais informa\u00e7\u00f5es: <\/strong><a href=\"https:\/\/abtcp2024.org.br\">https:\/\/abtcp2024.org.br<\/a>&nbsp;<\/p>\n","protected":false},"excerpt":{"rendered":"<p>Maior encontro da cadeia produtiva da ind\u00fastria de base florestal da Am\u00e9rica Latina contemplauma programa\u00e7\u00e3o t\u00e9cnica robusta aliada \u00e0 exposi\u00e7\u00e3o das \u00faltimas tend\u00eancias tecnol\u00f3gicas dosetor A transforma\u00e7\u00e3o digital dos processos produtivos e o respectivo potencial para promover ganhos em circularidade e demais a\u00e7\u00f5es inovadoras da agenda ESG ir\u00e3o pautar a programa\u00e7\u00e3o do ABTCP 2024 \u2014 [&hellip;]<\/p>\n","protected":false},"author":2,"featured_media":3223,"comment_status":"open","ping_status":"open","sticky":false,"template":"","format":"standard","meta":{"footnotes":""},"categories":[1],"tags":[],"class_list":{"0":"post-3222","1":"post","2":"type-post","3":"status-publish","4":"format-standard","5":"has-post-thumbnail","7":"category-workshopsepalestras"},"_links":{"self":[{"href":"https:\/\/tveventos.tv.br\/index.php?rest_route=\/wp\/v2\/posts\/3222","targetHints":{"allow":["GET"]}}],"collection":[{"href":"https:\/\/tveventos.tv.br\/index.php?rest_route=\/wp\/v2\/posts"}],"about":[{"href":"https:\/\/tveventos.tv.br\/index.php?rest_route=\/wp\/v2\/types\/post"}],"author":[{"embeddable":true,"href":"https:\/\/tveventos.tv.br\/index.php?rest_route=\/wp\/v2\/users\/2"}],"replies":[{"embeddable":true,"href":"https:\/\/tveventos.tv.br\/index.php?rest_route=%2Fwp%2Fv2%2Fcomments&post=3222"}],"version-history":[{"count":1,"href":"https:\/\/tveventos.tv.br\/index.php?rest_route=\/wp\/v2\/posts\/3222\/revisions"}],"predecessor-version":[{"id":3224,"href":"https:\/\/tveventos.tv.br\/index.php?rest_route=\/wp\/v2\/posts\/3222\/revisions\/3224"}],"wp:featuredmedia":[{"embeddable":true,"href":"https:\/\/tveventos.tv.br\/index.php?rest_route=\/wp\/v2\/media\/3223"}],"wp:attachment":[{"href":"https:\/\/tveventos.tv.br\/index.php?rest_route=%2Fwp%2Fv2%2Fmedia&parent=3222"}],"wp:term":[{"taxonomy":"category","embeddable":true,"href":"https:\/\/tveventos.tv.br\/index.php?rest_route=%2Fwp%2Fv2%2Fcategories&post=3222"},{"taxonomy":"post_tag","embeddable":true,"href":"https:\/\/tveventos.tv.br\/index.php?rest_route=%2Fwp%2Fv2%2Ftags&post=3222"}],"curies":[{"name":"wp","href":"https:\/\/api.w.org\/{rel}","templated":true}]}}