{"id":3225,"date":"2024-09-12T17:01:17","date_gmt":"2024-09-12T20:01:17","guid":{"rendered":"https:\/\/tveventos.tv.br\/?p=3225"},"modified":"2024-09-12T17:01:21","modified_gmt":"2024-09-12T20:01:21","slug":"modern-construction-show-e-primeiro-evento-a-reunir-todos-os-multiplos-sistemas-e-ramos-da-construcao-industrializada","status":"publish","type":"post","link":"https:\/\/tveventos.tv.br\/?p=3225","title":{"rendered":"Modern Construction Show \u00e9 primeiro evento a reunir todos os m\u00faltiplos sistemas e ramos da constru\u00e7\u00e3o industrializada"},"content":{"rendered":"\n<p class=\"has-text-align-center\"><em>Promovido pela Francal, a feira de neg\u00f3cios acontece de 1\u00ba a 3 de outubro, no novo Distrito Anhembi, em S\u00e3o Paulo<\/em>.<\/p>\n\n\n\n<p>Empresas de diversos segmentos da constru\u00e7\u00e3o industrializada, como fornecedores de pr\u00e9-moldados de concreto, estruturas em a\u00e7o, alum\u00ednio, vidro, madeiras, pisos, veda\u00e7\u00f5es, forros, coberturas, fachadas e kits el\u00e9tricos e hidr\u00e1ulicos, j\u00e1 confirmaram presen\u00e7a no&nbsp;<strong>Modern Construction Show<\/strong>&nbsp;<strong>\u2013 1\u00aa Feira Internacional de Constru\u00e7\u00e3o Industrializada<\/strong>, que acontece de 1\u00ba a 3 de outubro, no novo Distrito Anhembi, em S\u00e3o Paulo.<\/p>\n\n\n\n<p>Trata-se do primeiro evento que re\u00fane todos os m\u00faltiplos sistemas construtivos e ramos da constru\u00e7\u00e3o industrializada, um setor que n\u00e3o para de crescer.<\/p>\n\n\n\n<p>O&nbsp;<strong>Modern Construction Show&nbsp;<\/strong>contar\u00e1 com pain\u00e9is, palestras, workshops e semin\u00e1rios em que arquitetos, engenheiros, economistas e outros especialistas discutir\u00e3o as mais recentes tecnologias aplic\u00e1veis a esse tipo de obra e suas vantagens para o setor da constru\u00e7\u00e3o. Entre os assuntos, destaque para o&nbsp;<em>light steel frame<\/em>, a pr\u00e9-fabrica\u00e7\u00e3o em concreto para obras residenciais e vi\u00e1rias, o uso do a\u00e7o e do vidro na constru\u00e7\u00e3o industrializada, habita\u00e7\u00e3o social em&nbsp;<em>woodframe<\/em>, sistemas el\u00e9tricos e hidr\u00e1ulicos, constru\u00e7\u00f5es h\u00edbridas, entre outros.<\/p>\n\n\n\n<p>Idealizado pela ABCEM (Associa\u00e7\u00e3o Brasileira da Constru\u00e7\u00e3o Met\u00e1lica), Abcic (Associa\u00e7\u00e3o Brasileira da Constru\u00e7\u00e3o Industrializada de Concreto), ABRAMAT (Associa\u00e7\u00e3o Brasileira da Ind\u00fastria de Materiais de Constru\u00e7\u00e3o), ABCLS (Associa\u00e7\u00e3o Brasileira da Constru\u00e7\u00e3o Leve e Sustent\u00e1vel) e Francal, organizadora de feiras e eventos, o&nbsp;<strong>Modern Construction Show&nbsp;<\/strong>tem apoio institucional de diversas entidades:<\/p>\n\n\n\n<ul class=\"wp-block-list\">\n<li>ABECE (Associa\u00e7\u00e3o Brasileira de Engenharia e Consultoria Estrutural)<\/li>\n\n\n\n<li>ABNT (Associa\u00e7\u00e3o Brasileira de Normas T\u00e9cnicas)<\/li>\n\n\n\n<li>ABMOT\u00c9IS (Associa\u00e7\u00e3o Brasileira de Mot\u00e9is)<\/li>\n\n\n\n<li>Abrainc (Associa\u00e7\u00e3o Brasileira de Incorporadoras Imobili\u00e1rias)<\/li>\n\n\n\n<li>AFEAL (Associa\u00e7\u00e3o Nacional de Fabricantes de Esquadrias de Alum\u00ednio)<\/li>\n\n\n\n<li>ANAPRE (Associa\u00e7\u00e3o Nacional de Pisos e Revestimentos de Alto Desempenho)<\/li>\n\n\n\n<li>AsBEA (Associa\u00e7\u00e3o Brasileira dos Escrit\u00f3rios de Arquitetura)<\/li>\n\n\n\n<li>CBIC (C\u00e2mara Brasileira da Ind\u00fastria da Constru\u00e7\u00e3o)<\/li>\n\n\n\n<li>CREA-SP (Conselho Regional de Engenharia e Arquitetura de S\u00e3o Paulo)<\/li>\n\n\n\n<li>Fatec (Faculdade de Tecnologia de S\u00e3o Paulo)<\/li>\n\n\n\n<li>Fiesp (Federa\u00e7\u00e3o das Ind\u00fastrias do Estado de S\u00e3o Paulo)<\/li>\n\n\n\n<li>ICZ (Instituto Cadeia do Zinco)<\/li>\n\n\n\n<li>IBI Brasil (Instituto de Impermeabiliza\u00e7\u00e3o)<\/li>\n\n\n\n<li>SECOVI-SP<\/li>\n\n\n\n<li>Sinaenco (Sindicato da Arquitetura e da Engenharia)<\/li>\n\n\n\n<li>Sinduscon SP (Sindicato da Constru\u00e7\u00e3o Civil do Estado de S\u00e3o Paulo)<\/li>\n\n\n\n<li>Sobratema (Associa\u00e7\u00e3o Brasileira de Tecnologia para Constru\u00e7\u00e3o e Minera\u00e7\u00e3o)<\/li>\n<\/ul>\n\n\n\n<p>\u201cA import\u00e2ncia do Modern Construction Show \u00e9 fundamental, n\u00e3o s\u00f3 para o setor construtivo, mas para o Brasil\u201d, afirma Abdala Jamil Abdala, chairman da Francal, organizadora do evento. J\u00e1 o head de produtos da Francal, Renato Cordeiro, diz que o&nbsp;<strong>Modern Construction Show&nbsp;<\/strong>reunir\u00e1 um p\u00fablico qualificado e se constituir\u00e1 numa \u201coportunidade \u00edmpar para o setor se conectar, gerar neg\u00f3cios, compartilhar conhecimentos e impulsionar o seu desenvolvimento\u201d.<\/p>\n\n\n\n<p><br><strong>Constru\u00e7\u00e3o industrializada reformou o pr\u00f3prio Anhembi<\/strong><\/p>\n\n\n\n<p>Curiosamente, o pr\u00f3prio Novo Distrito Anhembi acaba de passar por uma grande reforma que custou R$ 1,5 bilh\u00e3o e durou apenas 22 meses. O tempo recorde da t\u00e3o esperada moderniza\u00e7\u00e3o do Complexo Anhembi se deve aos m\u00e9todos inovadores da constru\u00e7\u00e3o industrializada, e o MCS ser\u00e1 o primeiro evento ap\u00f3s a obra.<\/p>\n\n\n\n<p>Entre esses m\u00e9todos, destaca-se o uso do a\u00e7o, produto que vem sendo cada vez mais empregado em obras brasileiras, mas com notoriedade no mercado norte-americano, onde tem participa\u00e7\u00e3o de 85%.<\/p>\n\n\n\n<p>\u201cDurante muitos anos, falou-se da reforma do Anhembi. Era um dilema para quem promove e para quem exp\u00f5e. Depois de d\u00e9cadas de discuss\u00e3o, agora isso \u00e9 uma realidade gra\u00e7as \u00e0 constru\u00e7\u00e3o industrializada, e marca uma nova era para o Anhembi voltar ao cen\u00e1rio mundial de eventos\u201d, destaca Renato Cordeiro, acrescentando que o espa\u00e7o, agora, voltar\u00e1 a ser um importante propulsor da economia de S\u00e3o Paulo, movimentando cerca de R$ 5 bilh\u00f5es por ano na cidade.<br><\/p>\n\n\n\n<p><strong>Sobre o Modern Construction Show<\/strong><\/p>\n\n\n\n<p>O Modern Construction Show se destaca como&nbsp;<strong>o primeiro evento no pa\u00eds a reunir todos os sistemas construtivos e setores da constru\u00e7\u00e3o industrializada<\/strong>. Com a expectativa de atrair expositores dos segmentos de estruturas, materiais, m\u00e1quinas e equipamentos, tecnologia e instala\u00e7\u00f5es, o evento tamb\u00e9m oferecer\u00e1 palestras com especialistas renomados, tanto nacionais quanto internacionais. Idealizado pelos esfor\u00e7os conjuntos das associa\u00e7\u00f5es ABCIC, ABCEM e ABRAMAT, o MCS promete ser um marco e um ponto de encontro no setor da constru\u00e7\u00e3o.<\/p>\n\n\n\n<p><br><strong>Sobre a Francal<\/strong><\/p>\n\n\n\n<p>Desde 1969, a Francal Feiras \u00e9 sin\u00f4nimo de neg\u00f3cios e pioneirismo. Com mais de cinco d\u00e9cadas de atua\u00e7\u00e3o, \u00e9 uma das maiores e mais tradicionais promotoras de eventos do pa\u00eds, com capital 100% nacional. Os neg\u00f3cios originados pelos 13 eventos de seu portf\u00f3lio movimentam a economia e contribuem para o desenvolvimento de todas as regi\u00f5es do Brasil.&nbsp;&nbsp;&nbsp;&nbsp;<\/p>\n\n\n\n<p><strong>Servi\u00e7o<\/strong><\/p>\n\n\n\n<p>Modern Construction Show \u2013 1\u00aa Feira internacional de Constru\u00e7\u00e3o Industrializada<\/p>\n\n\n\n<p><strong>O qu\u00ea<\/strong>: feira de neg\u00f3cios exclusiva para profissionais do setor<\/p>\n\n\n\n<p><strong>Quando<\/strong>: de 1\u00ba a 3 de outubro de 2024, das 13h00 \u00e0s 20h00<\/p>\n\n\n\n<p><strong>Onde<\/strong>: Distrito Anhembi, na Av. Olavo Fontoura, 1209, Santana, S\u00e3o Paulo (SP)<\/p>\n\n\n\n<p><strong>Informa\u00e7\u00f5es e credenciamento<\/strong>:&nbsp;<a href=\"https:\/\/modernconstructionshow.com.br\/credenciamento\/\">Credenciamento \u2013 Modern Construction Show<\/a>&nbsp;ou&nbsp;<a href=\"https:\/\/modernconstructionshow.com.br\/\">modernconstructionshow<\/a>.<\/p>\n\n\n\n<p><strong>Redes sociais<\/strong>:&nbsp;<a href=\"https:\/\/www.instagram.com\/modernconstructionshow\/\">@modernconstructionshow<\/a><\/p>\n","protected":false},"excerpt":{"rendered":"<p>Promovido pela Francal, a feira de neg\u00f3cios acontece de 1\u00ba a 3 de outubro, no novo Distrito Anhembi, em S\u00e3o Paulo. Empresas de diversos segmentos da constru\u00e7\u00e3o industrializada, como fornecedores de pr\u00e9-moldados de concreto, estruturas em a\u00e7o, alum\u00ednio, vidro, madeiras, pisos, veda\u00e7\u00f5es, forros, coberturas, fachadas e kits el\u00e9tricos e hidr\u00e1ulicos, j\u00e1 confirmaram presen\u00e7a no&nbsp;Modern Construction [&hellip;]<\/p>\n","protected":false},"author":2,"featured_media":3226,"comment_status":"open","ping_status":"open","sticky":false,"template":"","format":"standard","meta":{"footnotes":""},"categories":[1],"tags":[],"class_list":{"0":"post-3225","1":"post","2":"type-post","3":"status-publish","4":"format-standard","5":"has-post-thumbnail","7":"category-workshopsepalestras"},"_links":{"self":[{"href":"https:\/\/tveventos.tv.br\/index.php?rest_route=\/wp\/v2\/posts\/3225","targetHints":{"allow":["GET"]}}],"collection":[{"href":"https:\/\/tveventos.tv.br\/index.php?rest_route=\/wp\/v2\/posts"}],"about":[{"href":"https:\/\/tveventos.tv.br\/index.php?rest_route=\/wp\/v2\/types\/post"}],"author":[{"embeddable":true,"href":"https:\/\/tveventos.tv.br\/index.php?rest_route=\/wp\/v2\/users\/2"}],"replies":[{"embeddable":true,"href":"https:\/\/tveventos.tv.br\/index.php?rest_route=%2Fwp%2Fv2%2Fcomments&post=3225"}],"version-history":[{"count":1,"href":"https:\/\/tveventos.tv.br\/index.php?rest_route=\/wp\/v2\/posts\/3225\/revisions"}],"predecessor-version":[{"id":3227,"href":"https:\/\/tveventos.tv.br\/index.php?rest_route=\/wp\/v2\/posts\/3225\/revisions\/3227"}],"wp:featuredmedia":[{"embeddable":true,"href":"https:\/\/tveventos.tv.br\/index.php?rest_route=\/wp\/v2\/media\/3226"}],"wp:attachment":[{"href":"https:\/\/tveventos.tv.br\/index.php?rest_route=%2Fwp%2Fv2%2Fmedia&parent=3225"}],"wp:term":[{"taxonomy":"category","embeddable":true,"href":"https:\/\/tveventos.tv.br\/index.php?rest_route=%2Fwp%2Fv2%2Fcategories&post=3225"},{"taxonomy":"post_tag","embeddable":true,"href":"https:\/\/tveventos.tv.br\/index.php?rest_route=%2Fwp%2Fv2%2Ftags&post=3225"}],"curies":[{"name":"wp","href":"https:\/\/api.w.org\/{rel}","templated":true}]}}