{"id":3231,"date":"2024-09-13T16:34:04","date_gmt":"2024-09-13T19:34:04","guid":{"rendered":"https:\/\/tveventos.tv.br\/?p=3231"},"modified":"2024-09-13T16:34:07","modified_gmt":"2024-09-13T19:34:07","slug":"20a-edicao-do-congresso-brasileiro-de-eficiencia-energetica-poe-em-pauta-a-importancia-da-reducao-da-demanda-por-geracao-de-energia","status":"publish","type":"post","link":"https:\/\/tveventos.tv.br\/?p=3231","title":{"rendered":"20\u00aa edi\u00e7\u00e3o do Congresso Brasileiro de Efici\u00eancia Energ\u00e9tica p\u00f5e em pauta a import\u00e2ncia da redu\u00e7\u00e3o da demanda por gera\u00e7\u00e3o de energia"},"content":{"rendered":"\n<p class=\"has-text-align-center\"><em>Realizado pela ABESCO, evento acontece na pr\u00f3xima semana e re\u00fane os principais representantes do setor<\/em>.<\/p>\n\n\n\n<p>A 20\u00aa edi\u00e7\u00e3o do Congresso Brasileiro de Efici\u00eancia Energ\u00e9tica (COBEE) ser\u00e1 realizada nos dias 19 e 20 de setembro, no Centro de Conven\u00e7\u00f5es Frei Caneca, em S\u00e3o Paulo, SP. Com o tema \u201cESCOs no s\u00e9culo XXI &#8211; Agenda para 2030 e 2050\u201d, o evento realizado pela Associa\u00e7\u00e3o Brasileira das Empresas de Servi\u00e7os de Conserva\u00e7\u00e3o de Energia (ABESCO) ter\u00e1 formato 100% presencial e reunir\u00e1 os principais representantes do setor.<\/p>\n\n\n\n<p>Mais do que destacar especialistas renomados em sua programa\u00e7\u00e3o e pautar os principais assuntos do setor el\u00e9trico e de efici\u00eancia energ\u00e9tica, em 2024 o COBEE deve proporcionar aos participantes uma intensa atualiza\u00e7\u00e3o, com foco em novidades e troca de experi\u00eancias, al\u00e9m de um ambiente favor\u00e1vel ao desenvolvimento de melhores oportunidades de neg\u00f3cio e networking.<\/p>\n\n\n\n<p>Para o presidente da ABESCO, Bruno Herbert, este \u00e9 um momento ideal para as discuss\u00f5es que o COBEE prop\u00f5e. \u201cAl\u00e9m dos diferentes cases que ser\u00e3o apresentados, onde projetos de efici\u00eancia energ\u00e9tica foram implantados, recentemente o Governo Federal aprovou a cria\u00e7\u00e3o de uma Pol\u00edtica Nacional de Transi\u00e7\u00e3o Energ\u00e9tica, onde o Brasil poder\u00e1 receber cerca de R$ 2 trilh\u00f5es nos chamados investimentos verdes, o que ratifica a import\u00e2ncia da efici\u00eancia energ\u00e9tica no Pa\u00eds. Tenho certeza que ser\u00e1 um evento extremamente proveitoso\u201d, afirma.<\/p>\n\n\n\n<p>Entre as presen\u00e7as confirmadas, est\u00e3o palestrantes renomados no campo da efici\u00eancia energ\u00e9tica no Brasil, como o Deputado Federal, Eduardo Bandeira de Mello, que trar\u00e1 o tema \u201cVis\u00e3o Legislativa dos Recursos de Efici\u00eancia Energ\u00e9tica\u201d; o Presidente do Instituto Nacional de Efici\u00eancia Energ\u00e9tica (INEE), Fernando Perrone, que falar\u00e1 sobre \u201cA Efici\u00eancia Energ\u00e9tica no Planejamento Energ\u00e9tico Agenda &#8211; 2030 e 2055\u201d;&nbsp;o Diretor de Planejamento, Controle e Compliance da Celesc Distribuidora, Lino Henrique Pedroni Jr., que trar\u00e1 o tema \u201c70 anos da Celesc, compromisso com a sustentabilidade\u201d, e o Gerente de Efici\u00eancia Energ\u00e9tica da Companhia Energ\u00e9tica de Minas Gerais (CEMIG), Ronaldo Lucas Queiroz, que far\u00e1 o \u201cLan\u00e7amento do Nova CEMIG em Efici\u00eancia Energ\u00e9tica: Fomento a Projetos \u2013 Piloto e Inova\u00e7\u00e3o\u201d.<\/p>\n\n\n\n<p>Outros participantes de destaque s\u00e3o a Itaipu Binacional, uma das principais patrocinadoras do evento pelo segundo ano consecutivo; a Empresa Brasileira de Participa\u00e7\u00f5es em Energia Nuclear e Binacional (ENBPar), outra das principais patrocinadoras, com palestra do Diretor de Gest\u00e3o de Programa de Governo, Miguel Marques e a Superintendente de Estudos Econ\u00f4micos e Energ\u00e9ticos na Empresa de Pesquisa Energ\u00e9tica (EPE), Carla Ach\u00e3o.&nbsp;<\/p>\n\n\n\n<p>\u201cEstamos preparando esta edi\u00e7\u00e3o do COBEE h\u00e1 um ano, buscando assuntos e palestrantes que realmente far\u00e3o a diferen\u00e7a. Tenho certeza que os participantes se supreender\u00e3o com o conte\u00fado preparado\u201d, finaliza Bruno Herbert, presidente da ABESCO.<\/p>\n\n\n\n<p>A programa\u00e7\u00e3o e o link de inscri\u00e7\u00e3o para a 20\u00aa Edi\u00e7\u00e3o do COBEE est\u00e3o dispon\u00edveis no site:&nbsp;<a href=\"https:\/\/www.cobee.com.br\/\" target=\"_blank\" rel=\"noreferrer noopener\">Link<\/a><\/p>\n\n\n\n<p><strong><u>20\u00ba Congresso Brasileiro de Efici\u00eancia Energ\u00e9tica (COBEE)<\/u><\/strong><\/p>\n\n\n\n<p>Data: 19 e 20 de setembro de 2024<\/p>\n\n\n\n<p>Local: Centro de Conven\u00e7\u00f5es Frei Caneca<\/p>\n\n\n\n<p>Endere\u00e7o: Rua Frei Caneca, 569 &#8211; Bela Vista, S\u00e3o Paulo<\/p>\n\n\n\n<p>Site:&nbsp;<a href=\"https:\/\/www.cobee.com.br\/\" target=\"_blank\" rel=\"noreferrer noopener\">Link<\/a><\/p>\n\n\n\n<p><strong>Sobre a ABESCO<\/strong><\/p>\n\n\n\n<p>Fundada em 1997, a Associa\u00e7\u00e3o Brasileira das Empresas de Servi\u00e7os de Conserva\u00e7\u00e3o de Energia (ABESCO), entidade civil sem fins lucrativos, representa oficialmente o segmento de Efici\u00eancia Energ\u00e9tica brasileiro. Composta por empresas de diversas \u00e1reas, a ABESCO busca fomentar e promover a\u00e7\u00f5es e projetos para o crescimento do mercado de Efici\u00eancia Energ\u00e9tica, atividade que busca proporcionar meios para se produzir mais com a menor quantidade de energia.<\/p>\n","protected":false},"excerpt":{"rendered":"<p>Realizado pela ABESCO, evento acontece na pr\u00f3xima semana e re\u00fane os principais representantes do setor. A 20\u00aa edi\u00e7\u00e3o do Congresso Brasileiro de Efici\u00eancia Energ\u00e9tica (COBEE) ser\u00e1 realizada nos dias 19 e 20 de setembro, no Centro de Conven\u00e7\u00f5es Frei Caneca, em S\u00e3o Paulo, SP. Com o tema \u201cESCOs no s\u00e9culo XXI &#8211; Agenda para 2030 [&hellip;]<\/p>\n","protected":false},"author":2,"featured_media":3232,"comment_status":"open","ping_status":"open","sticky":false,"template":"","format":"standard","meta":{"footnotes":""},"categories":[23],"tags":[],"class_list":{"0":"post-3231","1":"post","2":"type-post","3":"status-publish","4":"format-standard","5":"has-post-thumbnail","7":"category-feirasdenegocios"},"_links":{"self":[{"href":"https:\/\/tveventos.tv.br\/index.php?rest_route=\/wp\/v2\/posts\/3231","targetHints":{"allow":["GET"]}}],"collection":[{"href":"https:\/\/tveventos.tv.br\/index.php?rest_route=\/wp\/v2\/posts"}],"about":[{"href":"https:\/\/tveventos.tv.br\/index.php?rest_route=\/wp\/v2\/types\/post"}],"author":[{"embeddable":true,"href":"https:\/\/tveventos.tv.br\/index.php?rest_route=\/wp\/v2\/users\/2"}],"replies":[{"embeddable":true,"href":"https:\/\/tveventos.tv.br\/index.php?rest_route=%2Fwp%2Fv2%2Fcomments&post=3231"}],"version-history":[{"count":1,"href":"https:\/\/tveventos.tv.br\/index.php?rest_route=\/wp\/v2\/posts\/3231\/revisions"}],"predecessor-version":[{"id":3233,"href":"https:\/\/tveventos.tv.br\/index.php?rest_route=\/wp\/v2\/posts\/3231\/revisions\/3233"}],"wp:featuredmedia":[{"embeddable":true,"href":"https:\/\/tveventos.tv.br\/index.php?rest_route=\/wp\/v2\/media\/3232"}],"wp:attachment":[{"href":"https:\/\/tveventos.tv.br\/index.php?rest_route=%2Fwp%2Fv2%2Fmedia&parent=3231"}],"wp:term":[{"taxonomy":"category","embeddable":true,"href":"https:\/\/tveventos.tv.br\/index.php?rest_route=%2Fwp%2Fv2%2Fcategories&post=3231"},{"taxonomy":"post_tag","embeddable":true,"href":"https:\/\/tveventos.tv.br\/index.php?rest_route=%2Fwp%2Fv2%2Ftags&post=3231"}],"curies":[{"name":"wp","href":"https:\/\/api.w.org\/{rel}","templated":true}]}}