{"id":3243,"date":"2024-09-16T15:33:26","date_gmt":"2024-09-16T18:33:26","guid":{"rendered":"https:\/\/tveventos.tv.br\/?p=3243"},"modified":"2024-09-16T15:33:29","modified_gmt":"2024-09-16T18:33:29","slug":"mind-the-sec","status":"publish","type":"post","link":"https:\/\/tveventos.tv.br\/?p=3243","title":{"rendered":"Mind The Sec"},"content":{"rendered":"\n<p>o Mind The Sec \u00e9 o principal evento corporativo para o encontro de decisores, marcas e especialistas do Brasil e do mundo na \u00e1rea de Seguran\u00e7a da Informa\u00e7\u00e3o.<br>Para 2024, ser\u00e3o 3 dias com conte\u00fado t\u00e9cnico e gerencial, principais tend\u00eancias do mercado, atividades de networking e muito mais! Acompanhe nossas redes sociais e a newsletter para receber todas as novidades sobre a edi\u00e7\u00e3o 2024.<\/p>\n\n\n\n<p>Junte-se a n\u00f3s nos dias 17 a 19 de setembro, no Transam\u00e9rica Expo Center.<\/p>\n\n\n\n<p>Endere\u00e7o: Av. Dr. M\u00e1rio Vilas Boas Rodrigues 387, S\u00e3o Paulo, SP, 04757-020<\/p>\n","protected":false},"excerpt":{"rendered":"<p>o Mind The Sec \u00e9 o principal evento corporativo para o encontro de decisores, marcas e especialistas do Brasil e do mundo na \u00e1rea de Seguran\u00e7a da Informa\u00e7\u00e3o.Para 2024, ser\u00e3o 3 dias com conte\u00fado t\u00e9cnico e gerencial, principais tend\u00eancias do mercado, atividades de networking e muito mais! Acompanhe nossas redes sociais e a newsletter para [&hellip;]<\/p>\n","protected":false},"author":2,"featured_media":3245,"comment_status":"open","ping_status":"open","sticky":false,"template":"","format":"standard","meta":{"footnotes":""},"categories":[25],"tags":[],"class_list":{"0":"post-3243","1":"post","2":"type-post","3":"status-publish","4":"format-standard","5":"has-post-thumbnail","7":"category-calendariodeeventos"},"_links":{"self":[{"href":"https:\/\/tveventos.tv.br\/index.php?rest_route=\/wp\/v2\/posts\/3243","targetHints":{"allow":["GET"]}}],"collection":[{"href":"https:\/\/tveventos.tv.br\/index.php?rest_route=\/wp\/v2\/posts"}],"about":[{"href":"https:\/\/tveventos.tv.br\/index.php?rest_route=\/wp\/v2\/types\/post"}],"author":[{"embeddable":true,"href":"https:\/\/tveventos.tv.br\/index.php?rest_route=\/wp\/v2\/users\/2"}],"replies":[{"embeddable":true,"href":"https:\/\/tveventos.tv.br\/index.php?rest_route=%2Fwp%2Fv2%2Fcomments&post=3243"}],"version-history":[{"count":2,"href":"https:\/\/tveventos.tv.br\/index.php?rest_route=\/wp\/v2\/posts\/3243\/revisions"}],"predecessor-version":[{"id":3247,"href":"https:\/\/tveventos.tv.br\/index.php?rest_route=\/wp\/v2\/posts\/3243\/revisions\/3247"}],"wp:featuredmedia":[{"embeddable":true,"href":"https:\/\/tveventos.tv.br\/index.php?rest_route=\/wp\/v2\/media\/3245"}],"wp:attachment":[{"href":"https:\/\/tveventos.tv.br\/index.php?rest_route=%2Fwp%2Fv2%2Fmedia&parent=3243"}],"wp:term":[{"taxonomy":"category","embeddable":true,"href":"https:\/\/tveventos.tv.br\/index.php?rest_route=%2Fwp%2Fv2%2Fcategories&post=3243"},{"taxonomy":"post_tag","embeddable":true,"href":"https:\/\/tveventos.tv.br\/index.php?rest_route=%2Fwp%2Fv2%2Ftags&post=3243"}],"curies":[{"name":"wp","href":"https:\/\/api.w.org\/{rel}","templated":true}]}}