{"id":3249,"date":"2024-09-16T17:38:13","date_gmt":"2024-09-16T20:38:13","guid":{"rendered":"https:\/\/tveventos.tv.br\/?p=3249"},"modified":"2024-09-16T17:38:15","modified_gmt":"2024-09-16T20:38:15","slug":"latam-retail-show","status":"publish","type":"post","link":"https:\/\/tveventos.tv.br\/?p=3249","title":{"rendered":"Latam Retail Show\u00a0"},"content":{"rendered":"\n<p>O Latam Retail Show \u00e9 considerado atualmente o mais renomado palco do mercado de Varejo e Consumo da Am\u00e9rica Latina. As sess\u00f5es de networking s\u00e3o cuidadosamente planejadas para facilitar o encontro entre os principais players do mercado, proporcionando um ambiente prop\u00edcio para parcerias estrat\u00e9gicas e colabora\u00e7\u00f5es inovadoras.<\/p>\n\n\n\n<p>Seja voc\u00ea um veterano do setor ou um novo empreendedor, o Latam Retail Show \u00e9 o lugar ideal para se manter atualizado, expandir sua rede de contatos e encontrar inspira\u00e7\u00e3o para levar seu neg\u00f3cio ao pr\u00f3ximo n\u00edvel.<\/p>\n\n\n\n<p>Junte-se a n\u00f3s nos dias 17 a 19 de setembro das 10h \u00e0s 20h, no Expo Center Norte.<\/p>\n\n\n\n<p>Endere\u00e7o: Rua Jos\u00e9 Bernardo Pinto 333, S\u00e3o Paulo, SP, 02055-000&nbsp;<\/p>\n","protected":false},"excerpt":{"rendered":"<p>O Latam Retail Show \u00e9 considerado atualmente o mais renomado palco do mercado de Varejo e Consumo da Am\u00e9rica Latina. As sess\u00f5es de networking s\u00e3o cuidadosamente planejadas para facilitar o encontro entre os principais players do mercado, proporcionando um ambiente prop\u00edcio para parcerias estrat\u00e9gicas e colabora\u00e7\u00f5es inovadoras. Seja voc\u00ea um veterano do setor ou um [&hellip;]<\/p>\n","protected":false},"author":3,"featured_media":3250,"comment_status":"open","ping_status":"open","sticky":false,"template":"","format":"standard","meta":{"footnotes":""},"categories":[25],"tags":[],"class_list":{"0":"post-3249","1":"post","2":"type-post","3":"status-publish","4":"format-standard","5":"has-post-thumbnail","7":"category-calendariodeeventos"},"_links":{"self":[{"href":"https:\/\/tveventos.tv.br\/index.php?rest_route=\/wp\/v2\/posts\/3249","targetHints":{"allow":["GET"]}}],"collection":[{"href":"https:\/\/tveventos.tv.br\/index.php?rest_route=\/wp\/v2\/posts"}],"about":[{"href":"https:\/\/tveventos.tv.br\/index.php?rest_route=\/wp\/v2\/types\/post"}],"author":[{"embeddable":true,"href":"https:\/\/tveventos.tv.br\/index.php?rest_route=\/wp\/v2\/users\/3"}],"replies":[{"embeddable":true,"href":"https:\/\/tveventos.tv.br\/index.php?rest_route=%2Fwp%2Fv2%2Fcomments&post=3249"}],"version-history":[{"count":1,"href":"https:\/\/tveventos.tv.br\/index.php?rest_route=\/wp\/v2\/posts\/3249\/revisions"}],"predecessor-version":[{"id":3251,"href":"https:\/\/tveventos.tv.br\/index.php?rest_route=\/wp\/v2\/posts\/3249\/revisions\/3251"}],"wp:featuredmedia":[{"embeddable":true,"href":"https:\/\/tveventos.tv.br\/index.php?rest_route=\/wp\/v2\/media\/3250"}],"wp:attachment":[{"href":"https:\/\/tveventos.tv.br\/index.php?rest_route=%2Fwp%2Fv2%2Fmedia&parent=3249"}],"wp:term":[{"taxonomy":"category","embeddable":true,"href":"https:\/\/tveventos.tv.br\/index.php?rest_route=%2Fwp%2Fv2%2Fcategories&post=3249"},{"taxonomy":"post_tag","embeddable":true,"href":"https:\/\/tveventos.tv.br\/index.php?rest_route=%2Fwp%2Fv2%2Ftags&post=3249"}],"curies":[{"name":"wp","href":"https:\/\/api.w.org\/{rel}","templated":true}]}}