{"id":3252,"date":"2024-09-16T17:52:18","date_gmt":"2024-09-16T20:52:18","guid":{"rendered":"https:\/\/tveventos.tv.br\/?p=3252"},"modified":"2024-09-16T17:52:19","modified_gmt":"2024-09-16T20:52:19","slug":"equipotel","status":"publish","type":"post","link":"https:\/\/tveventos.tv.br\/?p=3252","title":{"rendered":"Equipotel"},"content":{"rendered":"\n<p>A Equipotel \u00e9 o \u00fanico evento que agrega solu\u00e7\u00f5es inovadoras para todo o mercado de hospitalidade, sendo refer\u00eancia nacional na gera\u00e7\u00e3o de neg\u00f3cios.&nbsp;<\/p>\n\n\n\n<p>Com uma exposi\u00e7\u00e3o diversificada, uma vasta oferta de experi\u00eancias e uma extensa programa\u00e7\u00e3o de conte\u00fado, a Equipotel se consolida como o destino certo para aqueles que buscam produtos e servi\u00e7os relacionados \u00e0 arte de receber bem.<\/p>\n\n\n\n<p>Junte-se a n\u00f3s nos dias 17 a 20 de setembro das 13h \u00e0s 20h, no Expo Center Norte.<\/p>\n\n\n\n<p>Endere\u00e7o: Rua Jos\u00e9 Bernardo Pinto 333, S\u00e3o Paulo, SP, 02055-000&nbsp;<\/p>\n","protected":false},"excerpt":{"rendered":"<p>A Equipotel \u00e9 o \u00fanico evento que agrega solu\u00e7\u00f5es inovadoras para todo o mercado de hospitalidade, sendo refer\u00eancia nacional na gera\u00e7\u00e3o de neg\u00f3cios.&nbsp; Com uma exposi\u00e7\u00e3o diversificada, uma vasta oferta de experi\u00eancias e uma extensa programa\u00e7\u00e3o de conte\u00fado, a Equipotel se consolida como o destino certo para aqueles que buscam produtos e servi\u00e7os relacionados \u00e0 [&hellip;]<\/p>\n","protected":false},"author":3,"featured_media":3253,"comment_status":"open","ping_status":"open","sticky":false,"template":"","format":"standard","meta":{"footnotes":""},"categories":[25],"tags":[],"class_list":{"0":"post-3252","1":"post","2":"type-post","3":"status-publish","4":"format-standard","5":"has-post-thumbnail","7":"category-calendariodeeventos"},"_links":{"self":[{"href":"https:\/\/tveventos.tv.br\/index.php?rest_route=\/wp\/v2\/posts\/3252","targetHints":{"allow":["GET"]}}],"collection":[{"href":"https:\/\/tveventos.tv.br\/index.php?rest_route=\/wp\/v2\/posts"}],"about":[{"href":"https:\/\/tveventos.tv.br\/index.php?rest_route=\/wp\/v2\/types\/post"}],"author":[{"embeddable":true,"href":"https:\/\/tveventos.tv.br\/index.php?rest_route=\/wp\/v2\/users\/3"}],"replies":[{"embeddable":true,"href":"https:\/\/tveventos.tv.br\/index.php?rest_route=%2Fwp%2Fv2%2Fcomments&post=3252"}],"version-history":[{"count":1,"href":"https:\/\/tveventos.tv.br\/index.php?rest_route=\/wp\/v2\/posts\/3252\/revisions"}],"predecessor-version":[{"id":3254,"href":"https:\/\/tveventos.tv.br\/index.php?rest_route=\/wp\/v2\/posts\/3252\/revisions\/3254"}],"wp:featuredmedia":[{"embeddable":true,"href":"https:\/\/tveventos.tv.br\/index.php?rest_route=\/wp\/v2\/media\/3253"}],"wp:attachment":[{"href":"https:\/\/tveventos.tv.br\/index.php?rest_route=%2Fwp%2Fv2%2Fmedia&parent=3252"}],"wp:term":[{"taxonomy":"category","embeddable":true,"href":"https:\/\/tveventos.tv.br\/index.php?rest_route=%2Fwp%2Fv2%2Fcategories&post=3252"},{"taxonomy":"post_tag","embeddable":true,"href":"https:\/\/tveventos.tv.br\/index.php?rest_route=%2Fwp%2Fv2%2Ftags&post=3252"}],"curies":[{"name":"wp","href":"https:\/\/api.w.org\/{rel}","templated":true}]}}