{"id":3255,"date":"2024-09-16T17:58:15","date_gmt":"2024-09-16T20:58:15","guid":{"rendered":"https:\/\/tveventos.tv.br\/?p=3255"},"modified":"2024-09-16T17:58:18","modified_gmt":"2024-09-16T20:58:18","slug":"expolux","status":"publish","type":"post","link":"https:\/\/tveventos.tv.br\/?p=3255","title":{"rendered":"Expolux"},"content":{"rendered":"\n<p>Como o \u00fanico evento 100% dedicado \u00e0 ilumina\u00e7\u00e3o na Am\u00e9rica Latina, a feira consolidou-se como a plataforma ideal para destacar e apresentar produtos e solu\u00e7\u00f5es para ilumina\u00e7\u00e3o.<\/p>\n\n\n\n<p>Em pesquisa recente com cerca de 206 mil profissionais, mais de 80% consideram a Expolux como o evento mais relevante e inovador da ind\u00fastria de ilumina\u00e7\u00e3o, consolidando seus mais de 20 anos de sucesso e parceria com essa ind\u00fastria.<\/p>\n\n\n\n<p>Junte-se a n\u00f3s nos dias 17 a 20 de setembro das 10h \u00e0s 20h, no Expo Center Norte.<\/p>\n\n\n\n<p>Endere\u00e7o: Rua Jos\u00e9 Bernardo Pinto 333, S\u00e3o Paulo, SP, 02055-000&nbsp;<\/p>\n","protected":false},"excerpt":{"rendered":"<p>Como o \u00fanico evento 100% dedicado \u00e0 ilumina\u00e7\u00e3o na Am\u00e9rica Latina, a feira consolidou-se como a plataforma ideal para destacar e apresentar produtos e solu\u00e7\u00f5es para ilumina\u00e7\u00e3o. Em pesquisa recente com cerca de 206 mil profissionais, mais de 80% consideram a Expolux como o evento mais relevante e inovador da ind\u00fastria de ilumina\u00e7\u00e3o, consolidando seus [&hellip;]<\/p>\n","protected":false},"author":3,"featured_media":3256,"comment_status":"open","ping_status":"open","sticky":false,"template":"","format":"standard","meta":{"footnotes":""},"categories":[25],"tags":[],"class_list":{"0":"post-3255","1":"post","2":"type-post","3":"status-publish","4":"format-standard","5":"has-post-thumbnail","7":"category-calendariodeeventos"},"_links":{"self":[{"href":"https:\/\/tveventos.tv.br\/index.php?rest_route=\/wp\/v2\/posts\/3255","targetHints":{"allow":["GET"]}}],"collection":[{"href":"https:\/\/tveventos.tv.br\/index.php?rest_route=\/wp\/v2\/posts"}],"about":[{"href":"https:\/\/tveventos.tv.br\/index.php?rest_route=\/wp\/v2\/types\/post"}],"author":[{"embeddable":true,"href":"https:\/\/tveventos.tv.br\/index.php?rest_route=\/wp\/v2\/users\/3"}],"replies":[{"embeddable":true,"href":"https:\/\/tveventos.tv.br\/index.php?rest_route=%2Fwp%2Fv2%2Fcomments&post=3255"}],"version-history":[{"count":1,"href":"https:\/\/tveventos.tv.br\/index.php?rest_route=\/wp\/v2\/posts\/3255\/revisions"}],"predecessor-version":[{"id":3257,"href":"https:\/\/tveventos.tv.br\/index.php?rest_route=\/wp\/v2\/posts\/3255\/revisions\/3257"}],"wp:featuredmedia":[{"embeddable":true,"href":"https:\/\/tveventos.tv.br\/index.php?rest_route=\/wp\/v2\/media\/3256"}],"wp:attachment":[{"href":"https:\/\/tveventos.tv.br\/index.php?rest_route=%2Fwp%2Fv2%2Fmedia&parent=3255"}],"wp:term":[{"taxonomy":"category","embeddable":true,"href":"https:\/\/tveventos.tv.br\/index.php?rest_route=%2Fwp%2Fv2%2Fcategories&post=3255"},{"taxonomy":"post_tag","embeddable":true,"href":"https:\/\/tveventos.tv.br\/index.php?rest_route=%2Fwp%2Fv2%2Ftags&post=3255"}],"curies":[{"name":"wp","href":"https:\/\/api.w.org\/{rel}","templated":true}]}}