{"id":3382,"date":"2024-09-27T14:59:18","date_gmt":"2024-09-27T17:59:18","guid":{"rendered":"https:\/\/tveventos.tv.br\/?p=3382"},"modified":"2024-09-27T14:59:20","modified_gmt":"2024-09-27T17:59:20","slug":"expo-in24","status":"publish","type":"post","link":"https:\/\/tveventos.tv.br\/?p=3382","title":{"rendered":"Expo IN24"},"content":{"rendered":"\n<p>O INCongress re\u00fane mais de 80 empresas, entre patrocinadores e expositores, que apresentam suas inova\u00e7\u00f5es em produtos e equipamentos. A oportunidade que o profissional tem, em uma mesma agenda, de validar insights, descobrir novas oportunidades e avan\u00e7ar em t\u00e9cnicas apresentadas que tem os produtos como parte importante do fluxo de tratamento.<\/p>\n\n\n\n<p>Junte-se a n\u00f3s nos dias 24 a 27 de setembro das 09h \u00e0s 18h, no Distrito Anhembi.<\/p>\n\n\n\n<p>Endere\u00e7o: Avenida Olavo Fontoura, N\u00b0 1. 209\/Santana, S\u00e3o Paulo, SP, 02012-021<\/p>\n","protected":false},"excerpt":{"rendered":"<p>O INCongress re\u00fane mais de 80 empresas, entre patrocinadores e expositores, que apresentam suas inova\u00e7\u00f5es em produtos e equipamentos. A oportunidade que o profissional tem, em uma mesma agenda, de validar insights, descobrir novas oportunidades e avan\u00e7ar em t\u00e9cnicas apresentadas que tem os produtos como parte importante do fluxo de tratamento. Junte-se a n\u00f3s nos [&hellip;]<\/p>\n","protected":false},"author":3,"featured_media":3383,"comment_status":"open","ping_status":"open","sticky":false,"template":"","format":"standard","meta":{"footnotes":""},"categories":[25],"tags":[],"class_list":{"0":"post-3382","1":"post","2":"type-post","3":"status-publish","4":"format-standard","5":"has-post-thumbnail","7":"category-calendariodeeventos"},"_links":{"self":[{"href":"https:\/\/tveventos.tv.br\/index.php?rest_route=\/wp\/v2\/posts\/3382","targetHints":{"allow":["GET"]}}],"collection":[{"href":"https:\/\/tveventos.tv.br\/index.php?rest_route=\/wp\/v2\/posts"}],"about":[{"href":"https:\/\/tveventos.tv.br\/index.php?rest_route=\/wp\/v2\/types\/post"}],"author":[{"embeddable":true,"href":"https:\/\/tveventos.tv.br\/index.php?rest_route=\/wp\/v2\/users\/3"}],"replies":[{"embeddable":true,"href":"https:\/\/tveventos.tv.br\/index.php?rest_route=%2Fwp%2Fv2%2Fcomments&post=3382"}],"version-history":[{"count":1,"href":"https:\/\/tveventos.tv.br\/index.php?rest_route=\/wp\/v2\/posts\/3382\/revisions"}],"predecessor-version":[{"id":3384,"href":"https:\/\/tveventos.tv.br\/index.php?rest_route=\/wp\/v2\/posts\/3382\/revisions\/3384"}],"wp:featuredmedia":[{"embeddable":true,"href":"https:\/\/tveventos.tv.br\/index.php?rest_route=\/wp\/v2\/media\/3383"}],"wp:attachment":[{"href":"https:\/\/tveventos.tv.br\/index.php?rest_route=%2Fwp%2Fv2%2Fmedia&parent=3382"}],"wp:term":[{"taxonomy":"category","embeddable":true,"href":"https:\/\/tveventos.tv.br\/index.php?rest_route=%2Fwp%2Fv2%2Fcategories&post=3382"},{"taxonomy":"post_tag","embeddable":true,"href":"https:\/\/tveventos.tv.br\/index.php?rest_route=%2Fwp%2Fv2%2Ftags&post=3382"}],"curies":[{"name":"wp","href":"https:\/\/api.w.org\/{rel}","templated":true}]}}