{"id":3385,"date":"2024-09-27T15:07:23","date_gmt":"2024-09-27T18:07:23","guid":{"rendered":"https:\/\/tveventos.tv.br\/?p=3385"},"modified":"2024-09-27T15:07:24","modified_gmt":"2024-09-27T18:07:24","slug":"in-cosmetics-latin-america","status":"publish","type":"post","link":"https:\/\/tveventos.tv.br\/?p=3385","title":{"rendered":"In Cosmetics Latin America"},"content":{"rendered":"\n<p>A In-Cosmetics \u00e9 um evento global dedicado \u00e0 ind\u00fastria de cosm\u00e9ticos e cuidados pessoais. Ela re\u00fane fabricantes, fornecedores e profissionais do setor para apresentar inova\u00e7\u00f5es em ingredientes, formula\u00e7\u00f5es e tecnologias para produtos cosm\u00e9ticos. Durante a feira, acontecem palestras, workshops e demonstra\u00e7\u00f5es ao vivo, permitindo que os participantes aprendam sobre as \u00faltimas tend\u00eancias e desenvolvimentos no mercado. \u00c9 uma \u00f3tima oportunidade para networking e para descobrir novas oportunidades de neg\u00f3cios na \u00e1rea de beleza e cosm\u00e9ticos.<\/p>\n\n\n\n<p>Junte-se a n\u00f3s nos dias 25 e 26 de setembro das 10h \u00e0s 19h, no Expo Center Norte.<\/p>\n\n\n\n<p>Endere\u00e7o: Rua Jos\u00e9 Bernardo Pinto 333, S\u00e3o Paulo, SP, 02055-000&nbsp;<\/p>\n","protected":false},"excerpt":{"rendered":"<p>A In-Cosmetics \u00e9 um evento global dedicado \u00e0 ind\u00fastria de cosm\u00e9ticos e cuidados pessoais. Ela re\u00fane fabricantes, fornecedores e profissionais do setor para apresentar inova\u00e7\u00f5es em ingredientes, formula\u00e7\u00f5es e tecnologias para produtos cosm\u00e9ticos. Durante a feira, acontecem palestras, workshops e demonstra\u00e7\u00f5es ao vivo, permitindo que os participantes aprendam sobre as \u00faltimas tend\u00eancias e desenvolvimentos no [&hellip;]<\/p>\n","protected":false},"author":3,"featured_media":3386,"comment_status":"open","ping_status":"open","sticky":false,"template":"","format":"standard","meta":{"footnotes":""},"categories":[25],"tags":[],"class_list":{"0":"post-3385","1":"post","2":"type-post","3":"status-publish","4":"format-standard","5":"has-post-thumbnail","7":"category-calendariodeeventos"},"_links":{"self":[{"href":"https:\/\/tveventos.tv.br\/index.php?rest_route=\/wp\/v2\/posts\/3385","targetHints":{"allow":["GET"]}}],"collection":[{"href":"https:\/\/tveventos.tv.br\/index.php?rest_route=\/wp\/v2\/posts"}],"about":[{"href":"https:\/\/tveventos.tv.br\/index.php?rest_route=\/wp\/v2\/types\/post"}],"author":[{"embeddable":true,"href":"https:\/\/tveventos.tv.br\/index.php?rest_route=\/wp\/v2\/users\/3"}],"replies":[{"embeddable":true,"href":"https:\/\/tveventos.tv.br\/index.php?rest_route=%2Fwp%2Fv2%2Fcomments&post=3385"}],"version-history":[{"count":1,"href":"https:\/\/tveventos.tv.br\/index.php?rest_route=\/wp\/v2\/posts\/3385\/revisions"}],"predecessor-version":[{"id":3387,"href":"https:\/\/tveventos.tv.br\/index.php?rest_route=\/wp\/v2\/posts\/3385\/revisions\/3387"}],"wp:featuredmedia":[{"embeddable":true,"href":"https:\/\/tveventos.tv.br\/index.php?rest_route=\/wp\/v2\/media\/3386"}],"wp:attachment":[{"href":"https:\/\/tveventos.tv.br\/index.php?rest_route=%2Fwp%2Fv2%2Fmedia&parent=3385"}],"wp:term":[{"taxonomy":"category","embeddable":true,"href":"https:\/\/tveventos.tv.br\/index.php?rest_route=%2Fwp%2Fv2%2Fcategories&post=3385"},{"taxonomy":"post_tag","embeddable":true,"href":"https:\/\/tveventos.tv.br\/index.php?rest_route=%2Fwp%2Fv2%2Ftags&post=3385"}],"curies":[{"name":"wp","href":"https:\/\/api.w.org\/{rel}","templated":true}]}}