{"id":3388,"date":"2024-09-27T15:24:09","date_gmt":"2024-09-27T18:24:09","guid":{"rendered":"https:\/\/tveventos.tv.br\/?p=3388"},"modified":"2024-09-27T15:24:12","modified_gmt":"2024-09-27T18:24:12","slug":"mro-brasil","status":"publish","type":"post","link":"https:\/\/tveventos.tv.br\/?p=3388","title":{"rendered":"MRO Brasil"},"content":{"rendered":"\n<p>A MRO Brasil (Maintenance, Repair and Overhaul) \u00e9 a principal feira para a ind\u00fastria nacional da manuten\u00e7\u00e3o, reparo e revis\u00e3o aeron\u00e1utica. O evento oferece solu\u00e7\u00f5es de networking de alto n\u00edvel e oportunidades de grandes neg\u00f3cios. Reunindo inova\u00e7\u00e3o, tecnologia, conhecimento, expertise, visibilidade de marca e conex\u00f5es globais, o evento proporciona experi\u00eancias pr\u00e1ticas e crescimento para sua empresa. Destacar sua marca aqui significa aumentar sua exposi\u00e7\u00e3o e reconhecimento no setor.<\/p>\n\n\n\n<p>Junte-se a n\u00f3s nos dias 25 e 26 de setembro das 13h \u00e0s 20h, no Centro de Conven\u00e7\u00f5es Frei Caneca.<\/p>\n\n\n\n<p>Endere\u00e7o: Rua Frei Caneca 569, S\u00e3o Paulo, SP, 01307-001&nbsp;&nbsp;&nbsp;<\/p>\n","protected":false},"excerpt":{"rendered":"<p>A MRO Brasil (Maintenance, Repair and Overhaul) \u00e9 a principal feira para a ind\u00fastria nacional da manuten\u00e7\u00e3o, reparo e revis\u00e3o aeron\u00e1utica. O evento oferece solu\u00e7\u00f5es de networking de alto n\u00edvel e oportunidades de grandes neg\u00f3cios. Reunindo inova\u00e7\u00e3o, tecnologia, conhecimento, expertise, visibilidade de marca e conex\u00f5es globais, o evento proporciona experi\u00eancias pr\u00e1ticas e crescimento para sua [&hellip;]<\/p>\n","protected":false},"author":3,"featured_media":3389,"comment_status":"open","ping_status":"open","sticky":false,"template":"","format":"standard","meta":{"footnotes":""},"categories":[25],"tags":[],"class_list":{"0":"post-3388","1":"post","2":"type-post","3":"status-publish","4":"format-standard","5":"has-post-thumbnail","7":"category-calendariodeeventos"},"_links":{"self":[{"href":"https:\/\/tveventos.tv.br\/index.php?rest_route=\/wp\/v2\/posts\/3388","targetHints":{"allow":["GET"]}}],"collection":[{"href":"https:\/\/tveventos.tv.br\/index.php?rest_route=\/wp\/v2\/posts"}],"about":[{"href":"https:\/\/tveventos.tv.br\/index.php?rest_route=\/wp\/v2\/types\/post"}],"author":[{"embeddable":true,"href":"https:\/\/tveventos.tv.br\/index.php?rest_route=\/wp\/v2\/users\/3"}],"replies":[{"embeddable":true,"href":"https:\/\/tveventos.tv.br\/index.php?rest_route=%2Fwp%2Fv2%2Fcomments&post=3388"}],"version-history":[{"count":1,"href":"https:\/\/tveventos.tv.br\/index.php?rest_route=\/wp\/v2\/posts\/3388\/revisions"}],"predecessor-version":[{"id":3390,"href":"https:\/\/tveventos.tv.br\/index.php?rest_route=\/wp\/v2\/posts\/3388\/revisions\/3390"}],"wp:featuredmedia":[{"embeddable":true,"href":"https:\/\/tveventos.tv.br\/index.php?rest_route=\/wp\/v2\/media\/3389"}],"wp:attachment":[{"href":"https:\/\/tveventos.tv.br\/index.php?rest_route=%2Fwp%2Fv2%2Fmedia&parent=3388"}],"wp:term":[{"taxonomy":"category","embeddable":true,"href":"https:\/\/tveventos.tv.br\/index.php?rest_route=%2Fwp%2Fv2%2Fcategories&post=3388"},{"taxonomy":"post_tag","embeddable":true,"href":"https:\/\/tveventos.tv.br\/index.php?rest_route=%2Fwp%2Fv2%2Ftags&post=3388"}],"curies":[{"name":"wp","href":"https:\/\/api.w.org\/{rel}","templated":true}]}}