{"id":3391,"date":"2024-09-27T15:35:48","date_gmt":"2024-09-27T18:35:48","guid":{"rendered":"https:\/\/tveventos.tv.br\/?p=3391"},"modified":"2024-09-27T15:35:51","modified_gmt":"2024-09-27T18:35:51","slug":"cob-expo","status":"publish","type":"post","link":"https:\/\/tveventos.tv.br\/?p=3391","title":{"rendered":"COB Expo"},"content":{"rendered":"\n<p>A COB Expo se apresenta como a primeira iniciativa do movimento ol\u00edmpico que une em um mesmo espa\u00e7o, gestores, atletas, ex-atletas, ind\u00fastria, praticantes e f\u00e3s do esporte impulsionando todas as modalidades.<\/p>\n\n\n\n<p>Junte-se a n\u00f3s nos dias 25 a 29 de setembro das 10h \u00e0s 19h, no Pro Magno.<\/p>\n\n\n\n<p>Endere\u00e7o: Avenida Professora Ida Kolb 513, S\u00e3o Paulo, S\u00e3o Paulo, 02518-000&nbsp;<\/p>\n","protected":false},"excerpt":{"rendered":"<p>A COB Expo se apresenta como a primeira iniciativa do movimento ol\u00edmpico que une em um mesmo espa\u00e7o, gestores, atletas, ex-atletas, ind\u00fastria, praticantes e f\u00e3s do esporte impulsionando todas as modalidades. Junte-se a n\u00f3s nos dias 25 a 29 de setembro das 10h \u00e0s 19h, no Pro Magno. Endere\u00e7o: Avenida Professora Ida Kolb 513, S\u00e3o [&hellip;]<\/p>\n","protected":false},"author":3,"featured_media":3392,"comment_status":"open","ping_status":"open","sticky":false,"template":"","format":"standard","meta":{"footnotes":""},"categories":[25],"tags":[],"class_list":{"0":"post-3391","1":"post","2":"type-post","3":"status-publish","4":"format-standard","5":"has-post-thumbnail","7":"category-calendariodeeventos"},"_links":{"self":[{"href":"https:\/\/tveventos.tv.br\/index.php?rest_route=\/wp\/v2\/posts\/3391","targetHints":{"allow":["GET"]}}],"collection":[{"href":"https:\/\/tveventos.tv.br\/index.php?rest_route=\/wp\/v2\/posts"}],"about":[{"href":"https:\/\/tveventos.tv.br\/index.php?rest_route=\/wp\/v2\/types\/post"}],"author":[{"embeddable":true,"href":"https:\/\/tveventos.tv.br\/index.php?rest_route=\/wp\/v2\/users\/3"}],"replies":[{"embeddable":true,"href":"https:\/\/tveventos.tv.br\/index.php?rest_route=%2Fwp%2Fv2%2Fcomments&post=3391"}],"version-history":[{"count":1,"href":"https:\/\/tveventos.tv.br\/index.php?rest_route=\/wp\/v2\/posts\/3391\/revisions"}],"predecessor-version":[{"id":3393,"href":"https:\/\/tveventos.tv.br\/index.php?rest_route=\/wp\/v2\/posts\/3391\/revisions\/3393"}],"wp:featuredmedia":[{"embeddable":true,"href":"https:\/\/tveventos.tv.br\/index.php?rest_route=\/wp\/v2\/media\/3392"}],"wp:attachment":[{"href":"https:\/\/tveventos.tv.br\/index.php?rest_route=%2Fwp%2Fv2%2Fmedia&parent=3391"}],"wp:term":[{"taxonomy":"category","embeddable":true,"href":"https:\/\/tveventos.tv.br\/index.php?rest_route=%2Fwp%2Fv2%2Fcategories&post=3391"},{"taxonomy":"post_tag","embeddable":true,"href":"https:\/\/tveventos.tv.br\/index.php?rest_route=%2Fwp%2Fv2%2Ftags&post=3391"}],"curies":[{"name":"wp","href":"https:\/\/api.w.org\/{rel}","templated":true}]}}