{"id":3394,"date":"2024-09-27T15:43:21","date_gmt":"2024-09-27T18:43:21","guid":{"rendered":"https:\/\/tveventos.tv.br\/?p=3394"},"modified":"2024-09-27T15:43:22","modified_gmt":"2024-09-27T18:43:22","slug":"digitalks-expo","status":"publish","type":"post","link":"https:\/\/tveventos.tv.br\/?p=3394","title":{"rendered":"Digitalks Expo"},"content":{"rendered":"\n<p>O Digitalks Expo 2024 se prop\u00f5e a gerar resultados de verdade, inova\u00e7\u00e3o de verdade, impacto de verdade e, acima de tudo, a conectar pessoas de verdade. Em sua 15\u00aa edi\u00e7\u00e3o, o evento foi remodelado para mostrar, na pr\u00e1tica, como transformar o mercado digital, oferecendo aos participantes ferramentas e estrat\u00e9gias capazes de gerar transforma\u00e7\u00f5es imediatas nos neg\u00f3cios.<\/p>\n\n\n\n<p>Junte-se a n\u00f3s nos dias 25 e 26 de setembro das 10h \u00e0s 19h, no S\u00e3o Paulo Expo.<\/p>\n\n\n\n<p>Endere\u00e7o: Rod. dos Imigrantes 5, S\/N, km. 1, S\u00e3o Paulo, SP, 04329-900<\/p>\n","protected":false},"excerpt":{"rendered":"<p>O Digitalks Expo 2024 se prop\u00f5e a gerar resultados de verdade, inova\u00e7\u00e3o de verdade, impacto de verdade e, acima de tudo, a conectar pessoas de verdade. Em sua 15\u00aa edi\u00e7\u00e3o, o evento foi remodelado para mostrar, na pr\u00e1tica, como transformar o mercado digital, oferecendo aos participantes ferramentas e estrat\u00e9gias capazes de gerar transforma\u00e7\u00f5es imediatas nos [&hellip;]<\/p>\n","protected":false},"author":3,"featured_media":3396,"comment_status":"open","ping_status":"open","sticky":false,"template":"","format":"standard","meta":{"footnotes":""},"categories":[25],"tags":[],"class_list":{"0":"post-3394","1":"post","2":"type-post","3":"status-publish","4":"format-standard","5":"has-post-thumbnail","7":"category-calendariodeeventos"},"_links":{"self":[{"href":"https:\/\/tveventos.tv.br\/index.php?rest_route=\/wp\/v2\/posts\/3394","targetHints":{"allow":["GET"]}}],"collection":[{"href":"https:\/\/tveventos.tv.br\/index.php?rest_route=\/wp\/v2\/posts"}],"about":[{"href":"https:\/\/tveventos.tv.br\/index.php?rest_route=\/wp\/v2\/types\/post"}],"author":[{"embeddable":true,"href":"https:\/\/tveventos.tv.br\/index.php?rest_route=\/wp\/v2\/users\/3"}],"replies":[{"embeddable":true,"href":"https:\/\/tveventos.tv.br\/index.php?rest_route=%2Fwp%2Fv2%2Fcomments&post=3394"}],"version-history":[{"count":1,"href":"https:\/\/tveventos.tv.br\/index.php?rest_route=\/wp\/v2\/posts\/3394\/revisions"}],"predecessor-version":[{"id":3397,"href":"https:\/\/tveventos.tv.br\/index.php?rest_route=\/wp\/v2\/posts\/3394\/revisions\/3397"}],"wp:featuredmedia":[{"embeddable":true,"href":"https:\/\/tveventos.tv.br\/index.php?rest_route=\/wp\/v2\/media\/3396"}],"wp:attachment":[{"href":"https:\/\/tveventos.tv.br\/index.php?rest_route=%2Fwp%2Fv2%2Fmedia&parent=3394"}],"wp:term":[{"taxonomy":"category","embeddable":true,"href":"https:\/\/tveventos.tv.br\/index.php?rest_route=%2Fwp%2Fv2%2Fcategories&post=3394"},{"taxonomy":"post_tag","embeddable":true,"href":"https:\/\/tveventos.tv.br\/index.php?rest_route=%2Fwp%2Fv2%2Ftags&post=3394"}],"curies":[{"name":"wp","href":"https:\/\/api.w.org\/{rel}","templated":true}]}}