{"id":3398,"date":"2024-09-27T16:29:14","date_gmt":"2024-09-27T19:29:14","guid":{"rendered":"https:\/\/tveventos.tv.br\/?p=3398"},"modified":"2024-09-27T16:29:17","modified_gmt":"2024-09-27T19:29:17","slug":"longevidade-expo-forum","status":"publish","type":"post","link":"https:\/\/tveventos.tv.br\/?p=3398","title":{"rendered":"Longevidade Expo + F\u00f3rum\u00a0"},"content":{"rendered":"\n<p>Longevidade Expo + F\u00f3rum com seu pioneirismo, re\u00fane especialistas, empresas e os principais players do mercado para debater e conhecer as oportunidades e desafios do Mercado S\u00eanior.<\/p>\n\n\n\n<p>Junte-se a n\u00f3s nos dias 29 de setembro a 01 de outubro das 09h \u00e0s 19h, no Distrito Anhembi.<\/p>\n\n\n\n<p>Endere\u00e7o: Avenida Olavo Fontoura, N\u00b0 1. 209\/Santana, S\u00e3o Paulo, SP, 02012-021<\/p>\n","protected":false},"excerpt":{"rendered":"<p>Longevidade Expo + F\u00f3rum com seu pioneirismo, re\u00fane especialistas, empresas e os principais players do mercado para debater e conhecer as oportunidades e desafios do Mercado S\u00eanior. Junte-se a n\u00f3s nos dias 29 de setembro a 01 de outubro das 09h \u00e0s 19h, no Distrito Anhembi. Endere\u00e7o: Avenida Olavo Fontoura, N\u00b0 1. 209\/Santana, S\u00e3o Paulo, [&hellip;]<\/p>\n","protected":false},"author":3,"featured_media":3399,"comment_status":"open","ping_status":"open","sticky":false,"template":"","format":"standard","meta":{"footnotes":""},"categories":[25],"tags":[],"class_list":{"0":"post-3398","1":"post","2":"type-post","3":"status-publish","4":"format-standard","5":"has-post-thumbnail","7":"category-calendariodeeventos"},"_links":{"self":[{"href":"https:\/\/tveventos.tv.br\/index.php?rest_route=\/wp\/v2\/posts\/3398","targetHints":{"allow":["GET"]}}],"collection":[{"href":"https:\/\/tveventos.tv.br\/index.php?rest_route=\/wp\/v2\/posts"}],"about":[{"href":"https:\/\/tveventos.tv.br\/index.php?rest_route=\/wp\/v2\/types\/post"}],"author":[{"embeddable":true,"href":"https:\/\/tveventos.tv.br\/index.php?rest_route=\/wp\/v2\/users\/3"}],"replies":[{"embeddable":true,"href":"https:\/\/tveventos.tv.br\/index.php?rest_route=%2Fwp%2Fv2%2Fcomments&post=3398"}],"version-history":[{"count":3,"href":"https:\/\/tveventos.tv.br\/index.php?rest_route=\/wp\/v2\/posts\/3398\/revisions"}],"predecessor-version":[{"id":3402,"href":"https:\/\/tveventos.tv.br\/index.php?rest_route=\/wp\/v2\/posts\/3398\/revisions\/3402"}],"wp:featuredmedia":[{"embeddable":true,"href":"https:\/\/tveventos.tv.br\/index.php?rest_route=\/wp\/v2\/media\/3399"}],"wp:attachment":[{"href":"https:\/\/tveventos.tv.br\/index.php?rest_route=%2Fwp%2Fv2%2Fmedia&parent=3398"}],"wp:term":[{"taxonomy":"category","embeddable":true,"href":"https:\/\/tveventos.tv.br\/index.php?rest_route=%2Fwp%2Fv2%2Fcategories&post=3398"},{"taxonomy":"post_tag","embeddable":true,"href":"https:\/\/tveventos.tv.br\/index.php?rest_route=%2Fwp%2Fv2%2Ftags&post=3398"}],"curies":[{"name":"wp","href":"https:\/\/api.w.org\/{rel}","templated":true}]}}