{"id":3407,"date":"2024-09-30T11:15:50","date_gmt":"2024-09-30T14:15:50","guid":{"rendered":"https:\/\/tveventos.tv.br\/?p=3407"},"modified":"2024-09-30T11:15:56","modified_gmt":"2024-09-30T14:15:56","slug":"pl-connection-2024-encerra-com-mais-de-3-mil-participantes-presentes","status":"publish","type":"post","link":"https:\/\/tveventos.tv.br\/?p=3407","title":{"rendered":"PL Connection 2024 encerra com mais de 3 mil participantes presentes"},"content":{"rendered":"\n<p class=\"has-text-align-center\"><em>A 2\u00aa edi\u00e7\u00e3o do maior evento de private label da Am\u00e9rica Latina contou com mais de 100 expositores e 50 palestrantes; Especialistas discutiram sobre desenvolvimento das marcas pr\u00f3prias<\/em>.<\/p>\n\n\n\n<p>O&nbsp;<strong>PL Connection 2024<\/strong>&nbsp;encerrou sua segunda edi\u00e7\u00e3o com n\u00fameros expressivos e um crescimento significativo em compara\u00e7\u00e3o ao ano anterior. Realizado entre os dias 17 e 19 de setembro, o evento teve um crescimento de 132,5% no n\u00famero de expositores (<strong>100 expositores no total) e mais de 36% de alta no n\u00famero de visitantes que chegou a mais de<\/strong>&nbsp;<strong>3.400 pessoas, acompanhando os 50 palestrantes nos tr\u00eas dias<\/strong>, reafirmando seu papel como o principal encontro do setor de marcas pr\u00f3prias na Am\u00e9rica Latina.<\/p>\n\n\n\n<p>Varejistas de peso marcaram presen\u00e7a, como&nbsp;<strong>Carrefour<\/strong>,&nbsp;<strong>Sam\u2019s Club, Grupo P\u00e3o de A\u00e7\u00facar<\/strong>,&nbsp;<strong>Petz<\/strong>,&nbsp;<strong>Lopes Supermercados<\/strong>,&nbsp;<strong>Droga Raia<\/strong>,&nbsp;<strong>Martins Atacadista e<\/strong>&nbsp;<strong>Tenda Atacado<\/strong>, entre outros. A participa\u00e7\u00e3o dessas grandes redes reflete a crescente relev\u00e2ncia das marcas pr\u00f3prias no Brasil, um setor que j\u00e1 est\u00e1 presente em&nbsp;<strong>40% dos lares do pa\u00eds<\/strong>, segundo dados da&nbsp;<strong>Nielsen de 2022<\/strong>.<\/p>\n\n\n\n<p>\u201cEstamos extremamente satisfeitos com o sucesso do PL Connection, refor\u00e7ando a import\u00e2ncia do evento como o principal ponto de encontro para empresas e especialistas do setor de private label na Am\u00e9rica Latina\u201d, afirma&nbsp;<strong>Ant\u00f4nio S\u00e1<\/strong>, s\u00f3cio fundador da Amicci.<\/p>\n\n\n\n<p><strong>Marcelo Bicudo<\/strong>, CEO da Design Bridge, destacou durante o evento o crescimento exponencial das marcas pr\u00f3prias, que j\u00e1 representam de&nbsp;<strong>5% a 7% das vendas<\/strong>&nbsp;em segmentos como o de materiais de constru\u00e7\u00e3o, com grande potencial de expans\u00e3o para outros mercados. Outro dado importante compartilhado foi que, de acordo com a Nielsen,&nbsp;<strong>21% dos brasileiros s\u00e3o fi\u00e9is<\/strong>&nbsp;a esses produtos, sendo respons\u00e1veis por&nbsp;<strong>50% dos gastos<\/strong>&nbsp;no setor.<\/p>\n\n\n\n<h2 class=\"wp-block-heading\"><strong>Marcas pr\u00f3prias e o mercado consumidor<\/strong><\/h2>\n\n\n\n<p>Entre os destaques das palestras,&nbsp;<strong>Gabriela Morais<\/strong>, criadora da marca pr\u00f3pria&nbsp;<strong>GAAB Wellness<\/strong>, discutiu as oportunidades de inova\u00e7\u00e3o e o impacto das marcas no bem-estar do consumidor.&nbsp;<strong>Ana Maria Diniz<\/strong>, cofundadora do&nbsp;<strong>PolvoLab<\/strong>, trouxe uma vis\u00e3o sobre o papel de uma gest\u00e3o eficaz e no posicionamento de marcas pr\u00f3prias no varejo. J\u00e1&nbsp;<strong>Ana Laura Tambasco<\/strong>, diretora-executiva de marcas pr\u00f3prias do Carrefour e Sam\u2019s Club, abordou a import\u00e2ncia estrat\u00e9gica dessas marcas para o crescimento das redes.<\/p>\n\n\n\n<p>O evento tamb\u00e9m contou com a presen\u00e7a de outros palestrantes de renome, como&nbsp;<strong>Domenico Tremaroli Filho<\/strong>, da NielsenIQ Brasil, que desmistificou a ideia de que as marcas pr\u00f3prias s\u00e3o exclusivas para consumidores de menor poder aquisitivo.&nbsp;<strong>Adriana Luiz Di Sessa<\/strong>, da Farm\u00e1cias Pague Menos, e&nbsp;<strong>Rubens Batista<\/strong>, do Martins Atacadista, trouxeram perspectivas valiosas sobre a expans\u00e3o dessas marcas no setor de sa\u00fade e atacado.<\/p>\n\n\n\n<p>\u201cO PL Connection \u00e9 essencial para fomentar o di\u00e1logo e promover inova\u00e7\u00f5es que beneficiar\u00e3o tanto varejistas quanto consumidores. Trouxemos ainda mais relev\u00e2ncia ao evento com a presen\u00e7a dos principais players do mercado&#8221;, destaca Ant\u00f4nio S\u00e1, s\u00f3cio fundador da Amicci.<\/p>\n\n\n\n<p><strong>Mauro Saccomani, do Grupo Construbrasil,&nbsp;<\/strong>ressaltou que as marcas pr\u00f3prias s\u00e3o um diferencial competitivo, permitindo autonomia para desenvolver produtos acess\u00edveis sem perder a qualidade.&nbsp;<strong>Claudio Conz, da Funda\u00e7\u00e3o Brasileira de Marketing<\/strong>, destacou que o consumidor de materiais de constru\u00e7\u00e3o busca solu\u00e7\u00f5es completas, e marcas pr\u00f3prias podem oferecer esse diferencial.&nbsp;<strong>Jorge Herzog, conselheiro<\/strong>, apontou a evolu\u00e7\u00e3o das marcas pr\u00f3prias no Brasil ao longo de 35 anos e seu papel transformador no varejo.<\/p>\n\n\n\n<p><strong>Ana Paula Gilsogamo, da Mintel,&nbsp;<\/strong>apresentou dados sobre o aumento de lan\u00e7amentos de marcas pr\u00f3prias, enquanto Lays Nogueira, da DNV, falou sobre a import\u00e2ncia das auditorias na seguran\u00e7a dos produtos.&nbsp;&nbsp;<strong>Vera Bermudo<\/strong>, conselheira e executiva de finan\u00e7as, destacou o papel estrat\u00e9gico das marcas pr\u00f3prias na fideliza\u00e7\u00e3o de clientes e na rentabilidade dos neg\u00f3cios.<strong>&nbsp;Juliemar Berri, da Amicci<\/strong>, abordou o impacto da intelig\u00eancia artificial no design de embalagens, com a assistente de design AMY como destaque.<\/p>\n\n\n\n<h2 class=\"wp-block-heading\"><strong>Pr\u00eamio Excel\u00eancia em Marca Pr\u00f3pria<\/strong><\/h2>\n\n\n\n<p>O evento foi coroado com a primeira edi\u00e7\u00e3o do Pr\u00eamio Excel\u00eancia em Marca Pr\u00f3pria, que reconheceu as iniciativas de destaque do setor, refor\u00e7ando o potencial de crescimento no Brasil. A premia\u00e7\u00e3o, idealizada pela Amicci e Francal, contou com grandes conselheiros do varejo como Alexandra Jakob, consultora e conselheira do Capitalismo Social Consciente Brasil,&nbsp;Sandra Tanaka, presidente do Instituto Mulheres do Varejo,&nbsp;Caio Camargo, cofundador e apresentador do VarejoCast, Celso Renato, vice-presidente comercial e Trade MegaMidia Group, Eduardo Terra, s\u00f3cio-diretor da BTR Varese, Fernanda Dalben, diretora de marketing e trademarketing do Dalben Supermercados e Marcos Livato, consultor e fundador da Axis Consultoria Empresarial.<\/p>\n\n\n\n<p>A premia\u00e7\u00e3o contemplou cinco categorias: Marca Pr\u00f3pria Mais Querida, Melhor Design de Embalagem, Melhor Case de Inova\u00e7\u00e3o, Melhor Case de Sustentabilidade e Marca Pr\u00f3pria Revela\u00e7\u00e3o. Cada categoria contou com tr\u00eas ganhadores, escolhidos por uma comiss\u00e3o de jurados especializados. Os vencedores de cada categoria receberam um trof\u00e9u exclusivo e o Selo de Excel\u00eancia, que poder\u00e1 ser utilizado por um ano para destacar o reconhecimento no mercado.<\/p>\n\n\n\n<p><strong>Confira os vencedores por categoria:<\/strong><\/p>\n\n\n\n<p><strong>Categoria: Marca Pr\u00f3pria Mais Querida<\/strong><\/p>\n\n\n\n<p><strong>1\u00ba Lugar<\/strong>: Lasanha Veggie Sensation &#8211; Carrefour (Fabricada pela Mezzani)<\/p>\n\n\n\n<p><strong>2\u00ba Lugar<\/strong>: Latas Natalinas Member\u2019s Mark \u2013 Sam\u2019s Club (Fabricado pela Di Costa)<\/p>\n\n\n\n<p><strong>3\u00ba Lugar<\/strong>: Amido de Milho &#8211; COOP (Fabricado pela Santi)<\/p>\n\n\n\n<p><strong>Categoria: Melhor Design de Embalagem<\/strong><\/p>\n\n\n\n<p><strong>1\u00ba Lugar<\/strong>: Linha Nachos Qualit\u00e1 &#8211; Grupo P\u00e3o de A\u00e7\u00facar (Fabricado pela Romanato Alimentos)<\/p>\n\n\n\n<p><strong>2\u00ba Lugar<\/strong>: Batata Chips Peruanas Sweet Potato Member\u2019s Mark &#8211; Sam\u2019s Club (Fabricado pela Inka, cria\u00e7\u00e3o da The Brand Crafters)<\/p>\n\n\n\n<p><strong>3\u00ba Lugar<\/strong>: Blush 3 em 1 Make Up &#8211; Grupo Panvel (Cria\u00e7\u00e3o da Portal Brasil)<\/p>\n\n\n\n<p><strong>Categoria: Melhor Case de Inova\u00e7\u00e3o<\/strong><\/p>\n\n\n\n<p><strong>1\u00ba Lugar<\/strong>: Snack Escova de Dentes &#8211; Petz (Fabricado pela Pet Union)<\/p>\n\n\n\n<p><strong>2\u00ba Lugar<\/strong>: Frutas Org\u00e2nicas Congeladas &#8211; Justo (Fabricado pelo Mercado Org\u00e2nico Brasil Digital)<\/p>\n\n\n\n<p><strong>3\u00ba Lugar<\/strong>: S\u00e9rum Pept\u00eddeos Pr\u00f3-Col\u00e1geno Dermativ &#8211; Grupo Panvel (Fabricado pela Lifar)<\/p>\n\n\n\n<p><strong>Categoria: Melhor Case de Sustentabilidade<\/strong><\/p>\n\n\n\n<p><strong>1\u00ba Lugar<\/strong>: Super Shake da Floresta &#8211; Maz\u00f4 Mana (Fabricado pela Pronutrition)<\/p>\n\n\n\n<p><strong>2\u00ba Lugar<\/strong>: Starter Kit Lava Lou\u00e7as Natural &#8211; Rede S\u00e3o Paulo (Fabricado pela YVY)<\/p>\n\n\n\n<p><strong>3\u00ba Lugar<\/strong>: Granulado Higi\u00eanico de Madeira Roedores &#8211; Petz (Fabricado pelo Grupo Ecoenergia)<\/p>\n\n\n\n<p><strong>Categoria: Marca Pr\u00f3pria Revela\u00e7\u00e3o<\/strong><\/p>\n\n\n\n<p><strong>1\u00ba Lugar<\/strong>: Creme de Avel\u00e3 Bontraz &#8211; Supermercado Koch (Fabricado pela Carino Ingredientes)<\/p>\n\n\n\n<p><strong>2\u00ba Lugar<\/strong>: Mel Laranjeira &#8211; Justo (Fabricado pela Melbras)<\/p>\n\n\n\n<p><strong>3\u00ba Lugar<\/strong>: Nuts Nutrabem &#8211; Grupo Panvel (Fabricado pela Selecionados Uniagro)<\/p>\n\n\n\n<p>\u201cFoi um verdadeiro sucesso e toda a equipe demonstrou muito empenho nesses tr\u00eas dias de evento. Pessoas vieram de todos os lugares do Brasil para compartilhar conhecimentos sobre Marcas Pr\u00f3prias. Nosso objetivo era fazer do PL Connection o local ideal para empresas que desejam se conectar com novos clientes, lan\u00e7ar produtos e continuar se atualizando sobre as \u00faltimas tend\u00eancias do mercado\u201d, explica Fernando Ruas, CEO da Francal.<\/p>\n\n\n\n<p><strong><u>Sobre o PL Connection<\/u><\/strong><\/p>\n\n\n\n<p>O PL Connection \u00e9 o principal evento de private label da Am\u00e9rica Latina, organizado pela Amicci e pela Francal. Desde seu lan\u00e7amento, tem sido um ponto de encontro essencial para profissionais do setor de marcas pr\u00f3prias, reunindo as principais companhias, fornecedores e especialistas do segmento. Ele oferece uma plataforma abrangente que inclui exposi\u00e7\u00f5es, palestras, workshops e pain\u00e9is de discuss\u00e3o, cobrindo temas como inova\u00e7\u00e3o, tend\u00eancias de mercado, estrat\u00e9gias de branding e desenvolvimento de produtos. Al\u00e9m disso, promove networking e parcerias estrat\u00e9gicas, proporcionando um ambiente prop\u00edcio para a troca de experi\u00eancias e o fechamento de neg\u00f3cios. A cada edi\u00e7\u00e3o, o PL Connection se consolida como um espa\u00e7o de refer\u00eancia, fortalecendo e potencializando o ecossistema de private label na Am\u00e9rica Latina. Para mais informa\u00e7\u00f5es, acesse:&nbsp;<a href=\"https:\/\/plconnection.com.br\/\" target=\"_blank\" rel=\"noreferrer noopener\">https:\/\/plconnection.com.br\/<\/a>.<\/p>\n","protected":false},"excerpt":{"rendered":"<p>A 2\u00aa edi\u00e7\u00e3o do maior evento de private label da Am\u00e9rica Latina contou com mais de 100 expositores e 50 palestrantes; Especialistas discutiram sobre desenvolvimento das marcas pr\u00f3prias. O&nbsp;PL Connection 2024&nbsp;encerrou sua segunda edi\u00e7\u00e3o com n\u00fameros expressivos e um crescimento significativo em compara\u00e7\u00e3o ao ano anterior. Realizado entre os dias 17 e 19 de setembro, [&hellip;]<\/p>\n","protected":false},"author":2,"featured_media":3408,"comment_status":"open","ping_status":"open","sticky":false,"template":"","format":"standard","meta":{"footnotes":""},"categories":[23],"tags":[],"class_list":{"0":"post-3407","1":"post","2":"type-post","3":"status-publish","4":"format-standard","5":"has-post-thumbnail","7":"category-feirasdenegocios"},"_links":{"self":[{"href":"https:\/\/tveventos.tv.br\/index.php?rest_route=\/wp\/v2\/posts\/3407","targetHints":{"allow":["GET"]}}],"collection":[{"href":"https:\/\/tveventos.tv.br\/index.php?rest_route=\/wp\/v2\/posts"}],"about":[{"href":"https:\/\/tveventos.tv.br\/index.php?rest_route=\/wp\/v2\/types\/post"}],"author":[{"embeddable":true,"href":"https:\/\/tveventos.tv.br\/index.php?rest_route=\/wp\/v2\/users\/2"}],"replies":[{"embeddable":true,"href":"https:\/\/tveventos.tv.br\/index.php?rest_route=%2Fwp%2Fv2%2Fcomments&post=3407"}],"version-history":[{"count":1,"href":"https:\/\/tveventos.tv.br\/index.php?rest_route=\/wp\/v2\/posts\/3407\/revisions"}],"predecessor-version":[{"id":3409,"href":"https:\/\/tveventos.tv.br\/index.php?rest_route=\/wp\/v2\/posts\/3407\/revisions\/3409"}],"wp:featuredmedia":[{"embeddable":true,"href":"https:\/\/tveventos.tv.br\/index.php?rest_route=\/wp\/v2\/media\/3408"}],"wp:attachment":[{"href":"https:\/\/tveventos.tv.br\/index.php?rest_route=%2Fwp%2Fv2%2Fmedia&parent=3407"}],"wp:term":[{"taxonomy":"category","embeddable":true,"href":"https:\/\/tveventos.tv.br\/index.php?rest_route=%2Fwp%2Fv2%2Fcategories&post=3407"},{"taxonomy":"post_tag","embeddable":true,"href":"https:\/\/tveventos.tv.br\/index.php?rest_route=%2Fwp%2Fv2%2Ftags&post=3407"}],"curies":[{"name":"wp","href":"https:\/\/api.w.org\/{rel}","templated":true}]}}