{"id":3416,"date":"2024-09-30T13:56:09","date_gmt":"2024-09-30T16:56:09","guid":{"rendered":"https:\/\/tveventos.tv.br\/?p=3416"},"modified":"2024-09-30T13:56:13","modified_gmt":"2024-09-30T16:56:13","slug":"fenalaw-2024-liderancas-dos-maiores-escritorios-do-pais-debatem-o-futuro-da-gestao-juridica","status":"publish","type":"post","link":"https:\/\/tveventos.tv.br\/?p=3416","title":{"rendered":"Fenalaw 2024: lideran\u00e7as dos maiores escrit\u00f3rios do Pa\u00eds debatem o futuro da Gest\u00e3o Jur\u00eddica"},"content":{"rendered":"\n<p class=\"has-text-align-center\"><em>Plen\u00e1ria abordar\u00e1 como escrit\u00f3rios de advocacia se preparam para enfrentar desafios do futuro, mantendo a excel\u00eancia na gest\u00e3o e nas opera\u00e7\u00f5es jur\u00eddicas<\/em>.<\/p>\n\n\n\n<p>Cumprindo sua miss\u00e3o de criar pontes no ecossistema jur\u00eddico e apresentar o que h\u00e1 de mais inovador em termos de gest\u00e3o, a Fenalaw recebe em seu palco lideran\u00e7as de grandes escrit\u00f3rios do Pa\u00eds para um dos momentos mais aguardados desta 21\u00aa edi\u00e7\u00e3o: a plen\u00e1ria &#8220;<strong>O Futuro da Gest\u00e3o Jur\u00eddica na Vis\u00e3o de L\u00edderes Inspiradores<\/strong>&#8220;, que abre o segundo dia do evento, de 23 a 25 em outubro.<\/p>\n\n\n\n<p>Moderado por Carlos Jos\u00e9 Santos da Silva (Caj\u00e9), Presidente do Conselho Diretor do Cesa e S\u00f3cio do Machado Meyer, o debate contar\u00e1 com CEOs e Managing Partners das mais prestigiadas bancas de advocacia, oferecendo uma vis\u00e3o abrangente sobre as novas dire\u00e7\u00f5es da gest\u00e3o jur\u00eddica:<\/p>\n\n\n\n<ul class=\"wp-block-list\">\n<li>Camilla Jimene, CEO do Opice Blum Advogados<\/li>\n\n\n\n<li>Carlos Fernando Siqueira Castro, CEO do Siqueira Castro Advogados<\/li>\n\n\n\n<li>Fernando Alves Meira, Managing Partner do Pinheiro Neto Advogados<\/li>\n\n\n\n<li>Fernando Eduardo Serec, CEO do Tozzini Freire<\/li>\n\n\n\n<li>Luiz Gustavo A. S. Bichara, CEO do Bichara Advogados<\/li>\n\n\n\n<li>Paula Surerus, Managing Partner do Veirano Advogados<\/li>\n\n\n\n<li>Paulo Coelho da Rocha, Managing Partner do Demarest Advogados<\/li>\n\n\n\n<li>Pedro Whitaker de S. Dias, Managing Partner do Mattos Filho Advogados<\/li>\n\n\n\n<li>Tito Andrade, Managing Partner do Machado Meyer<\/li>\n<\/ul>\n\n\n\n<p>O objetivo \u00e9 desvendar como essas lideran\u00e7as encaram o futuro da gest\u00e3o jur\u00eddica em um mercado cada vez mais competitivo e tecnol\u00f3gico, abordando:<\/p>\n\n\n\n<ul class=\"wp-block-list\">\n<li>Adapta\u00e7\u00e3o \u00e0s novas tecnologias<\/li>\n\n\n\n<li>Inova\u00e7\u00e3o na presta\u00e7\u00e3o de servi\u00e7os jur\u00eddicos<\/li>\n\n\n\n<li>Estrat\u00e9gias para reten\u00e7\u00e3o de talentos<\/li>\n\n\n\n<li>Vis\u00e3o sobre o papel do advogado em um cen\u00e1rio global cada vez mais complexo.<\/li>\n<\/ul>\n\n\n\n<p>Com uma agenda robusta, repleta de palestras, pain\u00e9is de discuss\u00e3o, workshops pr\u00e1ticos e oportunidades de networking, a Fenalaw 2024 \u00e9 um evento imperd\u00edvel para todos os profissionais e empresas que buscam se manter na vanguarda do mundo jur\u00eddico. Lideran\u00e7a feminina no mundo corporativo e intelig\u00eancia artificial no poder p\u00fabico e no setor jur\u00eddico s\u00e3o temas de outras plen\u00e1rias da Fenalaw.<\/p>\n\n\n\n<p><a href=\"https:\/\/www.fenalaw.com.br\/o-evento\/#sobre-o-evento\" target=\"_blank\" rel=\"noreferrer noopener\">Acesse aqui a programa\u00e7\u00e3o completa.<\/a><\/p>\n\n\n\n<p><strong>FENALAW 2024<\/strong><\/p>\n\n\n\n<p><strong>Data<\/strong>: 23 a 25 de outubro<\/p>\n\n\n\n<p><strong>Local<\/strong>: Centro de Conven\u00e7\u00f5es do Shopping Frei Caneca (Rua Frei Caneca, 569, Consola\u00e7\u00e3o, S\u00e3o Paulo).<\/p>\n\n\n\n<p><strong>Inscri\u00e7\u00f5es<\/strong>:&nbsp;<a href=\"http:\/\/www.fenalaw.com.br\/\" target=\"_blank\" rel=\"noreferrer noopener\">www.fenalaw.com.br<\/a><\/p>\n\n\n\n<p><strong>Sobre a Fenalaw<\/strong><\/p>\n\n\n\n<p>Maior evento jur\u00eddico da Am\u00e9rica Latina, com mais de duas d\u00e9cadas de tradi\u00e7\u00e3o, tornou-se o epicentro onde profissionais e empresas do universo jur\u00eddico se re\u00fanem para discutir os temas mais relevantes e explorar as \u00faltimas tend\u00eancias do setor, com uma agenda robusta, repleta de palestras, pain\u00e9is de discuss\u00e3o, workshops pr\u00e1ticos e oportunidades de networking.<\/p>\n\n\n\n<p><strong>Principais n\u00fameros<\/strong><\/p>\n\n\n\n<ul class=\"wp-block-list\">\n<li><strong><em>Mais de 10 mil<\/em><\/strong><em>\u00a0participantes entre advogados, diretores jur\u00eddicos e outros executivos.<\/em><\/li>\n\n\n\n<li><strong><em>Oito salas de conte\u00fado<\/em><\/strong><em>\u00a0com temas variados, abordando desde gest\u00e3o at\u00e9 Legal Design e tecnologia.<\/em><\/li>\n\n\n\n<li><strong><em>Mais de 150 expositores<\/em><\/strong><em>\u00a0apresentando inova\u00e7\u00f5es e solu\u00e7\u00f5es disruptivas.<\/em><\/li>\n\n\n\n<li><strong><em>Mais de 450 palestrantes<\/em><\/strong><em>\u00a0renomados compartilhando conhecimento e insights.<\/em><\/li>\n<\/ul>\n","protected":false},"excerpt":{"rendered":"<p>Plen\u00e1ria abordar\u00e1 como escrit\u00f3rios de advocacia se preparam para enfrentar desafios do futuro, mantendo a excel\u00eancia na gest\u00e3o e nas opera\u00e7\u00f5es jur\u00eddicas. Cumprindo sua miss\u00e3o de criar pontes no ecossistema jur\u00eddico e apresentar o que h\u00e1 de mais inovador em termos de gest\u00e3o, a Fenalaw recebe em seu palco lideran\u00e7as de grandes escrit\u00f3rios do Pa\u00eds [&hellip;]<\/p>\n","protected":false},"author":2,"featured_media":3417,"comment_status":"open","ping_status":"open","sticky":false,"template":"","format":"standard","meta":{"footnotes":""},"categories":[23],"tags":[],"class_list":{"0":"post-3416","1":"post","2":"type-post","3":"status-publish","4":"format-standard","5":"has-post-thumbnail","7":"category-feirasdenegocios"},"_links":{"self":[{"href":"https:\/\/tveventos.tv.br\/index.php?rest_route=\/wp\/v2\/posts\/3416","targetHints":{"allow":["GET"]}}],"collection":[{"href":"https:\/\/tveventos.tv.br\/index.php?rest_route=\/wp\/v2\/posts"}],"about":[{"href":"https:\/\/tveventos.tv.br\/index.php?rest_route=\/wp\/v2\/types\/post"}],"author":[{"embeddable":true,"href":"https:\/\/tveventos.tv.br\/index.php?rest_route=\/wp\/v2\/users\/2"}],"replies":[{"embeddable":true,"href":"https:\/\/tveventos.tv.br\/index.php?rest_route=%2Fwp%2Fv2%2Fcomments&post=3416"}],"version-history":[{"count":1,"href":"https:\/\/tveventos.tv.br\/index.php?rest_route=\/wp\/v2\/posts\/3416\/revisions"}],"predecessor-version":[{"id":3418,"href":"https:\/\/tveventos.tv.br\/index.php?rest_route=\/wp\/v2\/posts\/3416\/revisions\/3418"}],"wp:featuredmedia":[{"embeddable":true,"href":"https:\/\/tveventos.tv.br\/index.php?rest_route=\/wp\/v2\/media\/3417"}],"wp:attachment":[{"href":"https:\/\/tveventos.tv.br\/index.php?rest_route=%2Fwp%2Fv2%2Fmedia&parent=3416"}],"wp:term":[{"taxonomy":"category","embeddable":true,"href":"https:\/\/tveventos.tv.br\/index.php?rest_route=%2Fwp%2Fv2%2Fcategories&post=3416"},{"taxonomy":"post_tag","embeddable":true,"href":"https:\/\/tveventos.tv.br\/index.php?rest_route=%2Fwp%2Fv2%2Ftags&post=3416"}],"curies":[{"name":"wp","href":"https:\/\/api.w.org\/{rel}","templated":true}]}}