{"id":3421,"date":"2024-09-30T14:59:19","date_gmt":"2024-09-30T17:59:19","guid":{"rendered":"https:\/\/tveventos.tv.br\/?p=3421"},"modified":"2024-09-30T14:59:20","modified_gmt":"2024-09-30T17:59:20","slug":"forum-brasileiro-de-fidelizacao","status":"publish","type":"post","link":"https:\/\/tveventos.tv.br\/?p=3421","title":{"rendered":"F\u00f3rum Brasileiro de Fideliza\u00e7\u00e3o"},"content":{"rendered":"\n<p>A Associa\u00e7\u00e3o Brasileira das Empresas do Mercado de Fideliza\u00e7\u00e3o (ABEMF) realizar\u00e1 o 7\u00ba F\u00f3rum Brasileiro de Fideliza\u00e7\u00e3o. O evento j\u00e1 \u00e9 considerado o principal ponto de encontro dos profissionais do mercado de fidelidade do pa\u00eds, e que ap\u00f3s dois anos de isolamento, se re\u00fanem para discutir o futuro, as tend\u00eancias e os neg\u00f3cios em um ambiente disruptivo e repleto de possibilidades.<\/p>\n\n\n\n<p>Junte-se a n\u00f3s no dia 01 de outubro, no WTC Events Center.<\/p>\n\n\n\n<p>Endere\u00e7o: Av. das Na\u00e7\u00f5es Unidas 12551, S\u00e3o Paulo, SP, 04578-000<\/p>\n","protected":false},"excerpt":{"rendered":"<p>A Associa\u00e7\u00e3o Brasileira das Empresas do Mercado de Fideliza\u00e7\u00e3o (ABEMF) realizar\u00e1 o 7\u00ba F\u00f3rum Brasileiro de Fideliza\u00e7\u00e3o. O evento j\u00e1 \u00e9 considerado o principal ponto de encontro dos profissionais do mercado de fidelidade do pa\u00eds, e que ap\u00f3s dois anos de isolamento, se re\u00fanem para discutir o futuro, as tend\u00eancias e os neg\u00f3cios em um [&hellip;]<\/p>\n","protected":false},"author":3,"featured_media":3422,"comment_status":"open","ping_status":"open","sticky":false,"template":"","format":"standard","meta":{"footnotes":""},"categories":[25],"tags":[],"class_list":{"0":"post-3421","1":"post","2":"type-post","3":"status-publish","4":"format-standard","5":"has-post-thumbnail","7":"category-calendariodeeventos"},"_links":{"self":[{"href":"https:\/\/tveventos.tv.br\/index.php?rest_route=\/wp\/v2\/posts\/3421","targetHints":{"allow":["GET"]}}],"collection":[{"href":"https:\/\/tveventos.tv.br\/index.php?rest_route=\/wp\/v2\/posts"}],"about":[{"href":"https:\/\/tveventos.tv.br\/index.php?rest_route=\/wp\/v2\/types\/post"}],"author":[{"embeddable":true,"href":"https:\/\/tveventos.tv.br\/index.php?rest_route=\/wp\/v2\/users\/3"}],"replies":[{"embeddable":true,"href":"https:\/\/tveventos.tv.br\/index.php?rest_route=%2Fwp%2Fv2%2Fcomments&post=3421"}],"version-history":[{"count":1,"href":"https:\/\/tveventos.tv.br\/index.php?rest_route=\/wp\/v2\/posts\/3421\/revisions"}],"predecessor-version":[{"id":3423,"href":"https:\/\/tveventos.tv.br\/index.php?rest_route=\/wp\/v2\/posts\/3421\/revisions\/3423"}],"wp:featuredmedia":[{"embeddable":true,"href":"https:\/\/tveventos.tv.br\/index.php?rest_route=\/wp\/v2\/media\/3422"}],"wp:attachment":[{"href":"https:\/\/tveventos.tv.br\/index.php?rest_route=%2Fwp%2Fv2%2Fmedia&parent=3421"}],"wp:term":[{"taxonomy":"category","embeddable":true,"href":"https:\/\/tveventos.tv.br\/index.php?rest_route=%2Fwp%2Fv2%2Fcategories&post=3421"},{"taxonomy":"post_tag","embeddable":true,"href":"https:\/\/tveventos.tv.br\/index.php?rest_route=%2Fwp%2Fv2%2Ftags&post=3421"}],"curies":[{"name":"wp","href":"https:\/\/api.w.org\/{rel}","templated":true}]}}