{"id":3424,"date":"2024-09-30T15:10:32","date_gmt":"2024-09-30T18:10:32","guid":{"rendered":"https:\/\/tveventos.tv.br\/?p=3424"},"modified":"2024-09-30T15:10:34","modified_gmt":"2024-09-30T18:10:34","slug":"logistica-do-futuro","status":"publish","type":"post","link":"https:\/\/tveventos.tv.br\/?p=3424","title":{"rendered":"Log\u00edstica do Futuro"},"content":{"rendered":"\n<p>O evento Log\u00edstica do Futuro aborda inova\u00e7\u00f5es e tend\u00eancias no setor log\u00edstico, como automa\u00e7\u00e3o, digitaliza\u00e7\u00e3o, sustentabilidade e novas tecnologias. O foco \u00e9 discutir como essas mudan\u00e7as est\u00e3o moldando a cadeia de suprimentos e melhorando a efici\u00eancia operacional. A feira tamb\u00e9m inclui palestras, workshops e networking entre profissionais da \u00e1rea, al\u00e9m de apresentar solu\u00e7\u00f5es tecnol\u00f3gicas e melhores pr\u00e1ticas.<\/p>\n\n\n\n<p>Junte-se a n\u00f3s nos dias 02 e 03 de outubro das 08h \u00e0s 18h, no Transam\u00e9rica Expo Center.<\/p>\n\n\n\n<p>Endere\u00e7o: Av. Dr. M\u00e1rio Vilas Boas Rodrigues 387, S\u00e3o Paulo, SP, 04757-020&nbsp;<\/p>\n","protected":false},"excerpt":{"rendered":"<p>O evento Log\u00edstica do Futuro aborda inova\u00e7\u00f5es e tend\u00eancias no setor log\u00edstico, como automa\u00e7\u00e3o, digitaliza\u00e7\u00e3o, sustentabilidade e novas tecnologias. O foco \u00e9 discutir como essas mudan\u00e7as est\u00e3o moldando a cadeia de suprimentos e melhorando a efici\u00eancia operacional. A feira tamb\u00e9m inclui palestras, workshops e networking entre profissionais da \u00e1rea, al\u00e9m de apresentar solu\u00e7\u00f5es tecnol\u00f3gicas e [&hellip;]<\/p>\n","protected":false},"author":3,"featured_media":3425,"comment_status":"open","ping_status":"open","sticky":false,"template":"","format":"standard","meta":{"footnotes":""},"categories":[25],"tags":[],"class_list":{"0":"post-3424","1":"post","2":"type-post","3":"status-publish","4":"format-standard","5":"has-post-thumbnail","7":"category-calendariodeeventos"},"_links":{"self":[{"href":"https:\/\/tveventos.tv.br\/index.php?rest_route=\/wp\/v2\/posts\/3424","targetHints":{"allow":["GET"]}}],"collection":[{"href":"https:\/\/tveventos.tv.br\/index.php?rest_route=\/wp\/v2\/posts"}],"about":[{"href":"https:\/\/tveventos.tv.br\/index.php?rest_route=\/wp\/v2\/types\/post"}],"author":[{"embeddable":true,"href":"https:\/\/tveventos.tv.br\/index.php?rest_route=\/wp\/v2\/users\/3"}],"replies":[{"embeddable":true,"href":"https:\/\/tveventos.tv.br\/index.php?rest_route=%2Fwp%2Fv2%2Fcomments&post=3424"}],"version-history":[{"count":1,"href":"https:\/\/tveventos.tv.br\/index.php?rest_route=\/wp\/v2\/posts\/3424\/revisions"}],"predecessor-version":[{"id":3426,"href":"https:\/\/tveventos.tv.br\/index.php?rest_route=\/wp\/v2\/posts\/3424\/revisions\/3426"}],"wp:featuredmedia":[{"embeddable":true,"href":"https:\/\/tveventos.tv.br\/index.php?rest_route=\/wp\/v2\/media\/3425"}],"wp:attachment":[{"href":"https:\/\/tveventos.tv.br\/index.php?rest_route=%2Fwp%2Fv2%2Fmedia&parent=3424"}],"wp:term":[{"taxonomy":"category","embeddable":true,"href":"https:\/\/tveventos.tv.br\/index.php?rest_route=%2Fwp%2Fv2%2Fcategories&post=3424"},{"taxonomy":"post_tag","embeddable":true,"href":"https:\/\/tveventos.tv.br\/index.php?rest_route=%2Fwp%2Fv2%2Ftags&post=3424"}],"curies":[{"name":"wp","href":"https:\/\/api.w.org\/{rel}","templated":true}]}}