{"id":3427,"date":"2024-09-30T15:18:29","date_gmt":"2024-09-30T18:18:29","guid":{"rendered":"https:\/\/tveventos.tv.br\/?p=3427"},"modified":"2024-09-30T15:18:31","modified_gmt":"2024-09-30T18:18:31","slug":"forum-gc","status":"publish","type":"post","link":"https:\/\/tveventos.tv.br\/?p=3427","title":{"rendered":"F\u00d3RUM GC"},"content":{"rendered":"\n<p>O 2\u00ba GC F\u00d3RUM \u00e9 o encontro de gera\u00e7\u00e3o de energia renov\u00e1vel de grande porte do Brasil que reunir\u00e1 as principais empresas e especialistas do mercado, criando um espa\u00e7o \u00fanico para troca de conhecimentos e experi\u00eancias sobre o futuro da energia renov\u00e1vel em larga escala no Pa\u00eds.<\/p>\n\n\n\n<p>Junte-se a n\u00f3s nos dias 02 e 03 de outubro das 08h \u00e0s 18h, no Villa Blue Tree.<\/p>\n\n\n\n<p>Endere\u00e7o: R. Castro Verde, 224 &#8211; Jardim Caravelas, S\u00e3o Paulo &#8211; SP, 04729-060<\/p>\n","protected":false},"excerpt":{"rendered":"<p>O 2\u00ba GC F\u00d3RUM \u00e9 o encontro de gera\u00e7\u00e3o de energia renov\u00e1vel de grande porte do Brasil que reunir\u00e1 as principais empresas e especialistas do mercado, criando um espa\u00e7o \u00fanico para troca de conhecimentos e experi\u00eancias sobre o futuro da energia renov\u00e1vel em larga escala no Pa\u00eds. Junte-se a n\u00f3s nos dias 02 e 03 [&hellip;]<\/p>\n","protected":false},"author":3,"featured_media":3428,"comment_status":"open","ping_status":"open","sticky":false,"template":"","format":"standard","meta":{"footnotes":""},"categories":[25],"tags":[],"class_list":{"0":"post-3427","1":"post","2":"type-post","3":"status-publish","4":"format-standard","5":"has-post-thumbnail","7":"category-calendariodeeventos"},"_links":{"self":[{"href":"https:\/\/tveventos.tv.br\/index.php?rest_route=\/wp\/v2\/posts\/3427","targetHints":{"allow":["GET"]}}],"collection":[{"href":"https:\/\/tveventos.tv.br\/index.php?rest_route=\/wp\/v2\/posts"}],"about":[{"href":"https:\/\/tveventos.tv.br\/index.php?rest_route=\/wp\/v2\/types\/post"}],"author":[{"embeddable":true,"href":"https:\/\/tveventos.tv.br\/index.php?rest_route=\/wp\/v2\/users\/3"}],"replies":[{"embeddable":true,"href":"https:\/\/tveventos.tv.br\/index.php?rest_route=%2Fwp%2Fv2%2Fcomments&post=3427"}],"version-history":[{"count":1,"href":"https:\/\/tveventos.tv.br\/index.php?rest_route=\/wp\/v2\/posts\/3427\/revisions"}],"predecessor-version":[{"id":3429,"href":"https:\/\/tveventos.tv.br\/index.php?rest_route=\/wp\/v2\/posts\/3427\/revisions\/3429"}],"wp:featuredmedia":[{"embeddable":true,"href":"https:\/\/tveventos.tv.br\/index.php?rest_route=\/wp\/v2\/media\/3428"}],"wp:attachment":[{"href":"https:\/\/tveventos.tv.br\/index.php?rest_route=%2Fwp%2Fv2%2Fmedia&parent=3427"}],"wp:term":[{"taxonomy":"category","embeddable":true,"href":"https:\/\/tveventos.tv.br\/index.php?rest_route=%2Fwp%2Fv2%2Fcategories&post=3427"},{"taxonomy":"post_tag","embeddable":true,"href":"https:\/\/tveventos.tv.br\/index.php?rest_route=%2Fwp%2Fv2%2Ftags&post=3427"}],"curies":[{"name":"wp","href":"https:\/\/api.w.org\/{rel}","templated":true}]}}