{"id":344,"date":"2023-09-22T14:41:04","date_gmt":"2023-09-22T17:41:04","guid":{"rendered":"https:\/\/tveventos.tv.br\/?p=344"},"modified":"2023-09-22T14:48:33","modified_gmt":"2023-09-22T17:48:33","slug":"index23-o-futuro-da-odontologia-evento-revolucionara-a-pratica-profissionale-clinica-odontologica","status":"publish","type":"post","link":"https:\/\/tveventos.tv.br\/?p=344","title":{"rendered":"INDEX23 &#8211; O futuro da odontologia: evento revolucionar\u00e1 a pr\u00e1tica profissional e cl\u00ednica odontol\u00f3gica"},"content":{"rendered":"\n<p><em>O evento mais inovador do setor acontecer\u00e1 nos dias 27, 28 e 29 de setembro, no Transam\u00e9rica Expo Center &#8211; SP, com a participa\u00e7\u00e3o de mais de 150 palestrantes, incluindo nomes de destaque no cen\u00e1rio da Sa\u00fade e da Odontologia mundial, al\u00e9m de contar com a presen\u00e7a de mais de 60 empresas expositoras l\u00edderes do mercado<\/em><\/p>\n\n\n\n<p><br>A Odontologia tem um encontro imperd\u00edvel agendado para o final deste m\u00eas, nos dias 27,<br>28 e 29 de setembro, no Transam\u00e9rica Expo Center, em S\u00e3o Paulo. Trata-se do INDEX23 &#8211;<br>INNOVATION DENTAL EXHIBITION, um evento pioneiro do setor que trar\u00e1 temas que<br>ampliam e aprofundam di\u00e1logos sobre a import\u00e2ncia da integra\u00e7\u00e3o da pr\u00e1tica cl\u00ednica e<br>laboratorial, al\u00e9m de mostrar como a inova\u00e7\u00e3o pode ajudar cada vez mais no dia a dia dos<br>Cirurgi\u00f5es-Dentistas, melhorando a previsibilidade de tempo e resultados, a efic\u00e1cia no<br>diagn\u00f3stico e nos protocolos de excel\u00eancia no consult\u00f3rio, agregando mais valor \u00e0<br>experi\u00eancia ofertada durante o atendimento ao paciente o qual, consequentemente, fica<br>mais satisfeito e seguro em rela\u00e7\u00e3o ao tratamento recebido.<\/p>\n\n\n\n<p><br>Com a presen\u00e7a de mais de 150 speakers nacionais e internacionais &#8211; incluindo nomes de<br>grande destaque da \u00e1rea em n\u00edvel mundial &#8211; e mais de 60 empresas expositoras l\u00edderes no<br>mercado odontol\u00f3gico que v\u00e3o participar da ExpoINDEX23, o evento ir\u00e1 oferecer em um<br>\u00fanico local tudo o que os profissionais est\u00e3o buscando hoje para proporcionar tratamentos<br>inovadores e de excel\u00eancia aos seus pacientes, al\u00e9m de uma troca de conhecimento e<br>networking qualificado.<\/p>\n\n\n\n<p><br>O INDEX23 foi pensado com o objetivo de trazer para o centro da discuss\u00e3o a maneira<br>como a incorpora\u00e7\u00e3o da tecnologia na Odontologia impacta diretamente os procedimentos e tratamentos odontol\u00f3gicos, tornando-os muito mais eficientes. Isso beneficia tanto o<br>Cirurgi\u00e3o-Dentista que trabalha em qualquer especialidade e busca aumentar sua<br>capacidade de ser um profissional de alta performance, oferecendo o melhor tratamento e<br>atendimento aos seus pacientes, compreendendo a import\u00e2ncia dos avan\u00e7os tecnol\u00f3gicos,<br>das tend\u00eancias do mundo digital e das pr\u00e1ticas de alto desempenho dispon\u00edveis no<br>mercado, quanto o paciente, que deseja receber um atendimento odontol\u00f3gico humanizado, de alta qualidade e mais otimizado.<\/p>\n\n\n\n<p><br>O Head de Inova\u00e7\u00e3o e um dos idealizadores do evento, Haroldo Vieira Filho, enfatiza que o<br>Index \u00e9 uma proposta \u00fanica no setor odontol\u00f3gico por proporcionar aos participantes uma<br>experi\u00eancia integral e totalmente voltada para o futuro da Odontologia. Ele destaca a<br>import\u00e2ncia da tecnologia digital na pr\u00e1tica cl\u00ednica\/laboratorial e a necessidade dos<br>Cirurgi\u00f5es-Dentistas acompanharem os avan\u00e7os tecnol\u00f3gicos. \u201cN\u00e3o h\u00e1 como retroceder, o<br>mundo est\u00e1 mudando a todo o momento, por isso, \u00e9 fundamental fornecermos<br>embasamento cient\u00edfico e t\u00e9cnico-laboratorial atualizado aos profissionais, mas tamb\u00e9m<br>falarmos de neg\u00f3cios, de gest\u00e3o, de marketing, de tecnologia, de inova\u00e7\u00e3o\u2026 Tudo o que<br>envolve o ecossistema da Odontologia. \u00c9 uma verdadeira virada de chave, que compreende<br>um caminho sem volta\u201d, ressalta ele.<\/p>\n\n\n\n<p><br>Desde temas ligados \u00e0 neg\u00f3cios e sustentabilidade at\u00e9 atividades cl\u00ednicas e laboratoriais, os<br>participantes do evento ter\u00e3o acesso a tr\u00eas dias inteiros de conte\u00fado e experi\u00eancias em um<br>espa\u00e7o de mais de 20 mil metros quadrados, mais de 300 atividades distribu\u00eddas em 5<br>palcos simult\u00e2neos que trar\u00e3o speakers renomados nacionais e internacionais da<br>Odontologia para falar sobre os pilares Gest\u00e3o, Est\u00e9tica e Pr\u00f3tese, Cirurgia, Harmoniza\u00e7\u00e3o<br>Orofacial e Ortodontia, al\u00e9m de tr\u00eas Meet the Experts. Os palcos tem\u00e1ticos foram divididos<br>da seguinte forma:<\/p>\n\n\n\n<p><br><strong>Trend Show <\/strong>&#8211; 36 horas de inova\u00e7\u00e3o e tend\u00eancias em Odontologia. Apresenta\u00e7\u00f5es<br>multidisciplinares e temas voltados para diagn\u00f3stico, planejamento, execu\u00e7\u00e3o cl\u00ednica e<br>laboratorial; Palestras sobre mercado, Laser; Odontologia do Esporte; Arquivos Digitais e<br>Materiais laboratoriais.<\/p>\n\n\n\n<p><br><strong>Digitalks Est\u00e9tica &amp; Pr\u00f3tese <\/strong>&#8211; 12 horas de imers\u00e3o para aplica\u00e7\u00e3o imediata na rotina<br>cl\u00ednica\/laboratorial. Conte\u00fados para especialidades que envolvem est\u00e9ticas dentais e<br>pr\u00f3tese reabilitadora. Foco em: Paciente Virtual; Planejamento e enceramento digital;<br>Odontologia Integrada Reabilitadora; Impress\u00e3o 3D; Tratamentos avan\u00e7ados guiados por<br>tecnologias; Recursos digitais para restaura\u00e7\u00f5es diretas e indiretas.<\/p>\n\n\n\n<p><br><strong>Digitalks Cirurgia &#8211; <\/strong>12 horas de imers\u00e3o sobre t\u00e9cnicas inovadoras cir\u00fargicas. Conte\u00fado<br>direcionado para as especialidades de Implantodontia, Periodontia e Cirurgia<br>Bucomaxilofacial. Foco em Cirurgias est\u00e9ticas, Cirurgias guiadas, Arco Total, Reconstru\u00e7\u00f5es<br>\u00f3sseas, e imers\u00f5es para aumentar o desempenho cir\u00fargico.<\/p>\n\n\n\n<p><br><strong>Digitalks Ortodontia<\/strong> &#8211; 12 horas de imers\u00e3o em Ortodontia Digital. Dos modelos de<br>neg\u00f3cios, passando por planejamento e execu\u00e7\u00e3o cl\u00ednica laboratorial. Foco em modelos de<br>neg\u00f3cios em ortodontia nos consult\u00f3rios; o digital e o planejamento em Ortodontia;<br>resultados cl\u00ednicos com diversos sistemas de alinhadores ortod\u00f4nticos &#8211; full service e<br>in-house; Ortodontia do futuro &#8211; planejamento, execu\u00e7\u00e3o e educa\u00e7\u00e3o.<\/p>\n\n\n\n<p><br><strong>Digitalks HOF <\/strong>&#8211; 12 horas de imers\u00e3o em t\u00e9cnica de harmoniza\u00e7\u00e3o orofacial com workshop<br>e hands-on. Foco em Preenchimento, Gerenciamento da pele, Bioestimuladores,<br>Tecnologias, Cirurgia Multidisciplinar.<\/p>\n\n\n\n<p><br><strong>Meet the Experts <\/strong>&#8211; Encontros de at\u00e9 uma hora com experts nos temas que mais geram<br>d\u00favidas entre os profissionais.<\/p>\n\n\n\n<p><br><strong>InLaser 23 <\/strong>&#8211; O Simp\u00f3sio Internacional de Inova\u00e7\u00f5es com Laser \u00e9 um encontro dedicado a<br>todas as possibilidades do laser de alta pot\u00eancia na Odontologia.<\/p>\n\n\n\n<p><br><strong>Servi\u00e7o:<\/strong><br>INDEX23 &#8211; INNOVATION DENTAL EXHIBITION<br>Data: 27 a 29 de setembro de 2023<br>Local: Transam\u00e9rica Expo Center &#8211; S\u00e3o Paulo, Brasil<br>Mais informa\u00e7\u00f5es: www.index23.com.br<\/p>\n","protected":false},"excerpt":{"rendered":"<p>O evento mais inovador do setor acontecer\u00e1 nos dias 27, 28 e 29 de setembro, no Transam\u00e9rica Expo Center &#8211; SP, com a participa\u00e7\u00e3o de mais de 150 palestrantes, incluindo nomes de destaque no cen\u00e1rio da Sa\u00fade e da Odontologia mundial, al\u00e9m de contar com a presen\u00e7a de mais de 60 empresas expositoras l\u00edderes do [&hellip;]<\/p>\n","protected":false},"author":2,"featured_media":345,"comment_status":"open","ping_status":"open","sticky":false,"template":"","format":"standard","meta":{"footnotes":""},"categories":[23],"tags":[],"class_list":{"0":"post-344","1":"post","2":"type-post","3":"status-publish","4":"format-standard","5":"has-post-thumbnail","7":"category-feirasdenegocios"},"_links":{"self":[{"href":"https:\/\/tveventos.tv.br\/index.php?rest_route=\/wp\/v2\/posts\/344","targetHints":{"allow":["GET"]}}],"collection":[{"href":"https:\/\/tveventos.tv.br\/index.php?rest_route=\/wp\/v2\/posts"}],"about":[{"href":"https:\/\/tveventos.tv.br\/index.php?rest_route=\/wp\/v2\/types\/post"}],"author":[{"embeddable":true,"href":"https:\/\/tveventos.tv.br\/index.php?rest_route=\/wp\/v2\/users\/2"}],"replies":[{"embeddable":true,"href":"https:\/\/tveventos.tv.br\/index.php?rest_route=%2Fwp%2Fv2%2Fcomments&post=344"}],"version-history":[{"count":2,"href":"https:\/\/tveventos.tv.br\/index.php?rest_route=\/wp\/v2\/posts\/344\/revisions"}],"predecessor-version":[{"id":348,"href":"https:\/\/tveventos.tv.br\/index.php?rest_route=\/wp\/v2\/posts\/344\/revisions\/348"}],"wp:featuredmedia":[{"embeddable":true,"href":"https:\/\/tveventos.tv.br\/index.php?rest_route=\/wp\/v2\/media\/345"}],"wp:attachment":[{"href":"https:\/\/tveventos.tv.br\/index.php?rest_route=%2Fwp%2Fv2%2Fmedia&parent=344"}],"wp:term":[{"taxonomy":"category","embeddable":true,"href":"https:\/\/tveventos.tv.br\/index.php?rest_route=%2Fwp%2Fv2%2Fcategories&post=344"},{"taxonomy":"post_tag","embeddable":true,"href":"https:\/\/tveventos.tv.br\/index.php?rest_route=%2Fwp%2Fv2%2Ftags&post=344"}],"curies":[{"name":"wp","href":"https:\/\/api.w.org\/{rel}","templated":true}]}}