{"id":351,"date":"2023-09-25T11:46:18","date_gmt":"2023-09-25T14:46:18","guid":{"rendered":"https:\/\/tveventos.tv.br\/?p=351"},"modified":"2023-09-25T15:30:53","modified_gmt":"2023-09-25T18:30:53","slug":"alagev-abre-as-inscricoes-do-lacte-19a-edicao","status":"publish","type":"post","link":"https:\/\/tveventos.tv.br\/?p=351","title":{"rendered":"ALAGEV abre as inscri\u00e7\u00f5es do LACTE &#8211; 19\u00aa edi\u00e7\u00e3o"},"content":{"rendered":"\n<p>Na \u00faltima quinta-feira (21), a Associa\u00e7\u00e3o Latino Americana de Gest\u00e3o de Eventos e Viagens Corporativas (ALAGEV) realizou a 3\u00aa edi\u00e7\u00e3o do ano da Reuni\u00e3o Global com a participa\u00e7\u00e3o de 110 profissionais (30 presenciais e&nbsp;80 on-line).&nbsp;<\/p>\n\n\n\n<p>O destaque do encontro, realizado no Tivoli Mofarrej, foi o an\u00fancio da abertura das inscri\u00e7\u00f5es do&nbsp; Latin America Community for Travel and Events Experience (LACTE) &#8211; 19\u00aa edi\u00e7\u00e3o, que acontecer\u00e1 nos dias 26 e 27 de fevereiro (segunda e ter\u00e7a-feira), no Golden Hall do WTC Events Center, em S\u00e3o Paulo.<\/p>\n\n\n\n<p>\u201cO LACTE \u00e9 uma oportunidade \u00fanica para profissionais do setor de viagens e eventos corporativos se atualizarem, se conectarem e explorarem as tend\u00eancias mais recentes. A cada ano superamos as expectativas dos participantes e em 2024 n\u00e3o ser\u00e1 diferente\u201d, comenta Giovana Jannuzzelli, diretora executiva da associa\u00e7\u00e3o.<\/p>\n\n\n\n<p>Com o&nbsp; tema &#8220;Inspire&#8221; o evento busca criar conex\u00f5es significativas e longevas entre os profissionais de viagens, eventos e mobilidade corporativa para que se conectem, aprendam e gerem neg\u00f3cios, fomentando um mercado equilibrado, \u00e9tico e transparente.&nbsp;<\/p>\n\n\n\n<p><strong>Causa social &#8211; Combate ao etarismo<\/strong><\/p>\n\n\n\n<p>Em 2024 o LACTE mobiliza sua comunidade para uma mudan\u00e7a cultural, convidando&nbsp; para&nbsp; o combate aos estere\u00f3tipos negativos associados \u00e0 idade. O objetivo da causa \u00e9 valorizar e respeitar a sabedoria e a experi\u00eancia, al\u00e9m de lutar por uma maior diversidade et\u00e1ria no setor, garantindo que os mais velhos&nbsp;continuem ativos compartilhando suas hist\u00f3rias, conhecimentos e habilidades.&nbsp;<\/p>\n\n\n\n<p>De acordo com a pesquisa do Instituto Brasileiro de Geografia e Estat\u00edstica (IBGE), uma em cada tr\u00eas pessoas com mais de 60 anos est\u00e1 trabalhando no Brasil, enquanto uma em cada cinco est\u00e1 em busca de oportunidade de emprego. Na outra ponta, segundo o estudo, um em cada tr\u00eas rec\u00e9m-formados est\u00e1 procurando um trabalho.&nbsp;<\/p>\n\n\n\n<p>\u201cCada gera\u00e7\u00e3o tem perspectivas \u00fanicas e valiosas. Assim como todas as formas de preconceito, o etarismo viola o princ\u00edpio fundamental da igualdade, negando \u00e0s pessoas mais velhas os mesmos direitos, oportunidades e respeito que s\u00e3o garantidos a outras faixas et\u00e1rias&#8221;, finaliza a diretora.&nbsp;<\/p>\n\n\n\n<p><strong>Inscri\u00e7\u00f5es<\/strong><\/p>\n\n\n\n<p>As inscri\u00e7\u00f5es (<a rel=\"noreferrer noopener\" href=\"https:\/\/alagev.org\/lacte19\/inscricoes\" target=\"_blank\">link<\/a>) para o LACTE v\u00e3o at\u00e9 o dia 15 de outubro. J\u00e1 os gestores de eventos e viagens que se cadastrarem como hosted buyers ser\u00e3o isentos do valor.&nbsp;<\/p>\n\n\n\n<p><strong>Cota de patroc\u00ednio<\/strong><\/p>\n\n\n\n<p>As empresas interessadas em saber mais sobre as cotas de patroc\u00ednio devem entrar em contato pelos e-mails&nbsp;<a href=\"mailto:giovana@alagev.org\" rel=\"noreferrer noopener\" target=\"_blank\">giovana@alagev.org<\/a>&nbsp;ou&nbsp;<a href=\"mailto:sandra@alagev.org\" rel=\"noreferrer noopener\" target=\"_blank\">sandra@alagev.org<\/a>.<\/p>\n\n\n\n<p>Para mais informa\u00e7\u00f5es sobre a associa\u00e7\u00e3o, acesse os perfis oficiais no Instagram (@alagev.oficial), YouTube (TV ALAGEV), Facebook (@alagev.oficial) e LinkedIn (Alagev).<\/p>\n\n\n\n<p><strong>Sobre a ALAGEV<\/strong><\/p>\n\n\n\n<p>A ALAGEV \u00e9 um hub multissetorial latino-americano que desde 2003 facilita conex\u00f5es e o compartilhamento de boas pr\u00e1ticas entre gestores e fornecedores do mercado, fomentando networking de qualidade, gera\u00e7\u00e3o de neg\u00f3cios, benchmarking e capacita\u00e7\u00f5es em prol do desenvolvimento do setor.<\/p>\n\n\n\n<p>Atualmente com mais de 350 empresas associadas entre clientes e fornecedores, conta com 14 Comunidades de trabalho distribu\u00eddas por todo Brasil, e que fomentam a discuss\u00e3o e estabelecimento de melhores pr\u00e1ticas para um mercado mais equilibrado.<\/p>\n","protected":false},"excerpt":{"rendered":"<p>Na \u00faltima quinta-feira (21), a Associa\u00e7\u00e3o Latino Americana de Gest\u00e3o de Eventos e Viagens Corporativas (ALAGEV) realizou a 3\u00aa edi\u00e7\u00e3o do ano da Reuni\u00e3o Global com a participa\u00e7\u00e3o de 110 profissionais (30 presenciais e&nbsp;80 on-line).&nbsp; O destaque do encontro, realizado no Tivoli Mofarrej, foi o an\u00fancio da abertura das inscri\u00e7\u00f5es do&nbsp; Latin America Community for [&hellip;]<\/p>\n","protected":false},"author":2,"featured_media":352,"comment_status":"open","ping_status":"open","sticky":false,"template":"","format":"standard","meta":{"footnotes":""},"categories":[1],"tags":[],"class_list":{"0":"post-351","1":"post","2":"type-post","3":"status-publish","4":"format-standard","5":"has-post-thumbnail","7":"category-workshopsepalestras"},"_links":{"self":[{"href":"https:\/\/tveventos.tv.br\/index.php?rest_route=\/wp\/v2\/posts\/351","targetHints":{"allow":["GET"]}}],"collection":[{"href":"https:\/\/tveventos.tv.br\/index.php?rest_route=\/wp\/v2\/posts"}],"about":[{"href":"https:\/\/tveventos.tv.br\/index.php?rest_route=\/wp\/v2\/types\/post"}],"author":[{"embeddable":true,"href":"https:\/\/tveventos.tv.br\/index.php?rest_route=\/wp\/v2\/users\/2"}],"replies":[{"embeddable":true,"href":"https:\/\/tveventos.tv.br\/index.php?rest_route=%2Fwp%2Fv2%2Fcomments&post=351"}],"version-history":[{"count":2,"href":"https:\/\/tveventos.tv.br\/index.php?rest_route=\/wp\/v2\/posts\/351\/revisions"}],"predecessor-version":[{"id":354,"href":"https:\/\/tveventos.tv.br\/index.php?rest_route=\/wp\/v2\/posts\/351\/revisions\/354"}],"wp:featuredmedia":[{"embeddable":true,"href":"https:\/\/tveventos.tv.br\/index.php?rest_route=\/wp\/v2\/media\/352"}],"wp:attachment":[{"href":"https:\/\/tveventos.tv.br\/index.php?rest_route=%2Fwp%2Fv2%2Fmedia&parent=351"}],"wp:term":[{"taxonomy":"category","embeddable":true,"href":"https:\/\/tveventos.tv.br\/index.php?rest_route=%2Fwp%2Fv2%2Fcategories&post=351"},{"taxonomy":"post_tag","embeddable":true,"href":"https:\/\/tveventos.tv.br\/index.php?rest_route=%2Fwp%2Fv2%2Ftags&post=351"}],"curies":[{"name":"wp","href":"https:\/\/api.w.org\/{rel}","templated":true}]}}