{"id":3655,"date":"2024-10-18T13:01:57","date_gmt":"2024-10-18T16:01:57","guid":{"rendered":"https:\/\/tveventos.tv.br\/?p=3655"},"modified":"2024-10-18T13:02:01","modified_gmt":"2024-10-18T16:02:01","slug":"bfshow-e-apoiada-por-16-sindicatos-do-setor-calcadista","status":"publish","type":"post","link":"https:\/\/tveventos.tv.br\/?p=3655","title":{"rendered":"BFSHOW \u00e9 apoiada por 16 sindicatos do setor cal\u00e7adista"},"content":{"rendered":"\n<p>A 3\u00aa edi\u00e7\u00e3o da BFSHOW, feira realizada pela Associa\u00e7\u00e3o Brasileira das Ind\u00fastrias de Cal\u00e7ados (Abical\u00e7ados) e organizada pela N\u00fcrnbergMesse Brasil, \u00e9 apoiada por 16 sindicatos das ind\u00fastrias de cal\u00e7ados de todo o Brasil. O evento, que acontece entre 11 e 13 de novembro, no Distrito Anhembi, em S\u00e3o Paulo\/SP, j\u00e1 tem mais de 290 marcas confirmadas em uma \u00e1rea expositiva de mais de 11 mil metros quadrados, o dobro da edi\u00e7\u00e3o de novembro passado.<\/p>\n\n\n\n<p>Um dos sindicatos apoiadores \u00e9 o Sindicato da Ind\u00fastria de Cal\u00e7ados de Franca (Sindifranca), que representa o setor na cidade considerada a capital do cal\u00e7ado masculino no Brasil. O sindicato, com o apoio da Prefeitura de Franca, participa da pr\u00f3xima edi\u00e7\u00e3o da BFSHOW com o Espa\u00e7o Moda Franca. Nesta edi\u00e7\u00e3o, ser\u00e3o 15 empresas na \u00e1rea de cerca de 220 quadrados. \u201cA expectativa de neg\u00f3cios \u00e9 muito boa, sendo que esperamos resultados superiores aos efetivados na mostra passada, que foi de R$ 800 mil em vendas, fora os relevantes contatos internacionais\u201d, projeta o presidente da entidade, Jos\u00e9 Carlos Brigag\u00e3o do Couto, ressaltando que a BFSHOW \u00e9, hoje, uma refer\u00eancia nas feiras comerciais do setor. \u201cO interesse em participar da feira foi tanto no polo que o Espa\u00e7o Moda Franca teve at\u00e9 fila de espera. Isso comprova que a BFSHOW mostrou a que veio e atendeu bem as expectativas de expositores e lojistas\u201d, conclui o dirigente.<\/p>\n\n\n\n<p>Tamb\u00e9m de S\u00e3o Paulo, representando o segmento de cal\u00e7ados femininos, o polo de Ja\u00fa est\u00e1 presente desde a primeira edi\u00e7\u00e3o da BFSHOW. Nesta edi\u00e7\u00e3o, as ind\u00fastrias locais estar\u00e3o presentes em estande coletivo apoiado pelo Sindicato das Ind\u00fastrias de Cal\u00e7ados de Ja\u00fa (Sindical\u00e7ados Ja\u00fa) com um total de 12 expositores e 19 marcas. \u201cA feira propicia uma oportunidade \u00edmpar para fomentar comercialmente tanto as empresas que est\u00e3o come\u00e7ando agora a expor quanto aquelas que j\u00e1 negociam volumes significativos no evento. Desde a primeira edi\u00e7\u00e3o, percebe-se um crescimento expressivo no volume de neg\u00f3cios e, desta forma, nossa expectativa \u00e9 de crescimento importante em novembro\u201d, comenta o presidente do sindicato, Luis Felipe Rodomonte.<\/p>\n\n\n\n<p>Representando o principal polo cal\u00e7adista produtor de cal\u00e7ados infantis do Brasil, o Sindicato das Ind\u00fastrias do Cal\u00e7ado e Vestu\u00e1rio de Birigui (Sinbi) estar\u00e1 na BFSHOW apoiando 12 marcas. \u201cDas marcas apoiadas, dez s\u00e3o certificadas com o Selo de Indica\u00e7\u00e3o de Proced\u00eancia, uma garantia de qualidade, conforto, criatividade e sustentabilidade que norteiam os cal\u00e7ados infantis. Participar de eventos de grande relev\u00e2ncia, como a BFSHOW, \u00e9 essencial para fortalecer as marcas do nosso polo e ampliar sua visibilidade tanto no mercado nacional quanto internacional\u201d, destaca a diretora executiva da entidade, Silvia Mestriner. Segundo ela, a 3\u00aa edi\u00e7\u00e3o da feira deve superar as expectativas em visita\u00e7\u00e3o e resultados em rela\u00e7\u00e3o \u00e0s primeiras mostras. \u201cCom a dedica\u00e7\u00e3o constante das empresas do nosso polo, estamos prontos para apresentar o que h\u00e1 de mais moderno e inovador, traduzindo isso em excelentes neg\u00f3cios\u201d, projeta.<\/p>\n\n\n\n<p><strong>Maior delega\u00e7\u00e3o estadual<\/strong><br>Nova Serrana, polo cal\u00e7adista mineiro que se notabiliza pela produ\u00e7\u00e3o de cal\u00e7ados esportivos, estar\u00e1 na BFSHOW com 59 marcas n\u00e3o somente de t\u00eanis, mas de outros segmentos, a maior delega\u00e7\u00e3o estadual em estande coletivo na mostra. \u201cE existe a probabilidade de aumentar esse n\u00famero no pr\u00f3ximo m\u00eas\u201d, avisa o presidente do Sindicato Intermunicipal das Ind\u00fastrias de Cal\u00e7ados de Nova Serrana (Sindinova), Ronaldo Lacerda. \u201cA BFSHOW ajuda as empresas a definirem melhor os planos para o pr\u00f3ximo ano. Nossa expectativa \u00e9 bastante positiva\u201d, prev\u00ea o dirigente.<\/p>\n\n\n\n<p>Al\u00e9m dos sindicatos listados, a BFSHOW tem o apoio dos sindicatos das ind\u00fastrias de cal\u00e7ados do Rio Grande do Sul (Sicergs), Campo Bom\/RS, Dois Irm\u00e3os\/RS, Est\u00e2ncia Velha\/RS (Sicev), Farroupilha\/RS (Sindicalfar), Igrejinha\/RS (Sindigrejinha), Novo Hamburgo\/RS (Sic), Parob\u00e9\/RS (Sindicap), Sapiranga\/RS (Sics), Bahia, Fortaleza (Sindicalf) e Para\u00edba (Sindical\u00e7ados Para\u00edba).<\/p>\n","protected":false},"excerpt":{"rendered":"<p>A 3\u00aa edi\u00e7\u00e3o da BFSHOW, feira realizada pela Associa\u00e7\u00e3o Brasileira das Ind\u00fastrias de Cal\u00e7ados (Abical\u00e7ados) e organizada pela N\u00fcrnbergMesse Brasil, \u00e9 apoiada por 16 sindicatos das ind\u00fastrias de cal\u00e7ados de todo o Brasil. O evento, que acontece entre 11 e 13 de novembro, no Distrito Anhembi, em S\u00e3o Paulo\/SP, j\u00e1 tem mais de 290 marcas [&hellip;]<\/p>\n","protected":false},"author":2,"featured_media":3656,"comment_status":"open","ping_status":"open","sticky":false,"template":"","format":"standard","meta":{"footnotes":""},"categories":[23],"tags":[],"class_list":{"0":"post-3655","1":"post","2":"type-post","3":"status-publish","4":"format-standard","5":"has-post-thumbnail","7":"category-feirasdenegocios"},"_links":{"self":[{"href":"https:\/\/tveventos.tv.br\/index.php?rest_route=\/wp\/v2\/posts\/3655","targetHints":{"allow":["GET"]}}],"collection":[{"href":"https:\/\/tveventos.tv.br\/index.php?rest_route=\/wp\/v2\/posts"}],"about":[{"href":"https:\/\/tveventos.tv.br\/index.php?rest_route=\/wp\/v2\/types\/post"}],"author":[{"embeddable":true,"href":"https:\/\/tveventos.tv.br\/index.php?rest_route=\/wp\/v2\/users\/2"}],"replies":[{"embeddable":true,"href":"https:\/\/tveventos.tv.br\/index.php?rest_route=%2Fwp%2Fv2%2Fcomments&post=3655"}],"version-history":[{"count":1,"href":"https:\/\/tveventos.tv.br\/index.php?rest_route=\/wp\/v2\/posts\/3655\/revisions"}],"predecessor-version":[{"id":3657,"href":"https:\/\/tveventos.tv.br\/index.php?rest_route=\/wp\/v2\/posts\/3655\/revisions\/3657"}],"wp:featuredmedia":[{"embeddable":true,"href":"https:\/\/tveventos.tv.br\/index.php?rest_route=\/wp\/v2\/media\/3656"}],"wp:attachment":[{"href":"https:\/\/tveventos.tv.br\/index.php?rest_route=%2Fwp%2Fv2%2Fmedia&parent=3655"}],"wp:term":[{"taxonomy":"category","embeddable":true,"href":"https:\/\/tveventos.tv.br\/index.php?rest_route=%2Fwp%2Fv2%2Fcategories&post=3655"},{"taxonomy":"post_tag","embeddable":true,"href":"https:\/\/tveventos.tv.br\/index.php?rest_route=%2Fwp%2Fv2%2Ftags&post=3655"}],"curies":[{"name":"wp","href":"https:\/\/api.w.org\/{rel}","templated":true}]}}