{"id":3658,"date":"2024-10-18T14:55:57","date_gmt":"2024-10-18T17:55:57","guid":{"rendered":"https:\/\/tveventos.tv.br\/?p=3658"},"modified":"2024-10-18T14:55:59","modified_gmt":"2024-10-18T17:55:59","slug":"fenasan","status":"publish","type":"post","link":"https:\/\/tveventos.tv.br\/?p=3658","title":{"rendered":"FENASAN"},"content":{"rendered":"\n<p>A FENASAN, ou Feira Nacional de Saneamento Ambiental, \u00e9 um evento que re\u00fane profissionais, empresas e institui\u00e7\u00f5es do setor de saneamento e meio ambiente. O objetivo da feira \u00e9 promover o interc\u00e2mbio de conhecimentos, tecnologias e inova\u00e7\u00f5es relacionadas ao saneamento b\u00e1sico, gest\u00e3o de res\u00edduos, \u00e1gua e meio ambiente. Durante a FENASAN, s\u00e3o realizadas palestras, workshops e exposi\u00e7\u00f5es de produtos e servi\u00e7os, visando a conscientiza\u00e7\u00e3o e o desenvolvimento sustent\u00e1vel nesse setor.<\/p>\n\n\n\n<p>Junte-se a n\u00f3s nos dias 22 a 24 de outubro, das 13h \u00e0s 20h, no Expo Center Norte.<\/p>\n\n\n\n<p>Endere\u00e7o: Rua Jos\u00e9 Bernardo Pinto 333, S\u00e3o Paulo, SP, 02055-000&nbsp;<\/p>\n","protected":false},"excerpt":{"rendered":"<p>A FENASAN, ou Feira Nacional de Saneamento Ambiental, \u00e9 um evento que re\u00fane profissionais, empresas e institui\u00e7\u00f5es do setor de saneamento e meio ambiente. O objetivo da feira \u00e9 promover o interc\u00e2mbio de conhecimentos, tecnologias e inova\u00e7\u00f5es relacionadas ao saneamento b\u00e1sico, gest\u00e3o de res\u00edduos, \u00e1gua e meio ambiente. Durante a FENASAN, s\u00e3o realizadas palestras, workshops [&hellip;]<\/p>\n","protected":false},"author":3,"featured_media":3659,"comment_status":"open","ping_status":"open","sticky":false,"template":"","format":"standard","meta":{"footnotes":""},"categories":[25],"tags":[],"class_list":{"0":"post-3658","1":"post","2":"type-post","3":"status-publish","4":"format-standard","5":"has-post-thumbnail","7":"category-calendariodeeventos"},"_links":{"self":[{"href":"https:\/\/tveventos.tv.br\/index.php?rest_route=\/wp\/v2\/posts\/3658","targetHints":{"allow":["GET"]}}],"collection":[{"href":"https:\/\/tveventos.tv.br\/index.php?rest_route=\/wp\/v2\/posts"}],"about":[{"href":"https:\/\/tveventos.tv.br\/index.php?rest_route=\/wp\/v2\/types\/post"}],"author":[{"embeddable":true,"href":"https:\/\/tveventos.tv.br\/index.php?rest_route=\/wp\/v2\/users\/3"}],"replies":[{"embeddable":true,"href":"https:\/\/tveventos.tv.br\/index.php?rest_route=%2Fwp%2Fv2%2Fcomments&post=3658"}],"version-history":[{"count":1,"href":"https:\/\/tveventos.tv.br\/index.php?rest_route=\/wp\/v2\/posts\/3658\/revisions"}],"predecessor-version":[{"id":3660,"href":"https:\/\/tveventos.tv.br\/index.php?rest_route=\/wp\/v2\/posts\/3658\/revisions\/3660"}],"wp:featuredmedia":[{"embeddable":true,"href":"https:\/\/tveventos.tv.br\/index.php?rest_route=\/wp\/v2\/media\/3659"}],"wp:attachment":[{"href":"https:\/\/tveventos.tv.br\/index.php?rest_route=%2Fwp%2Fv2%2Fmedia&parent=3658"}],"wp:term":[{"taxonomy":"category","embeddable":true,"href":"https:\/\/tveventos.tv.br\/index.php?rest_route=%2Fwp%2Fv2%2Fcategories&post=3658"},{"taxonomy":"post_tag","embeddable":true,"href":"https:\/\/tveventos.tv.br\/index.php?rest_route=%2Fwp%2Fv2%2Ftags&post=3658"}],"curies":[{"name":"wp","href":"https:\/\/api.w.org\/{rel}","templated":true}]}}