{"id":3661,"date":"2024-10-18T15:02:53","date_gmt":"2024-10-18T18:02:53","guid":{"rendered":"https:\/\/tveventos.tv.br\/?p=3661"},"modified":"2024-10-18T15:02:56","modified_gmt":"2024-10-18T18:02:56","slug":"seafood-show","status":"publish","type":"post","link":"https:\/\/tveventos.tv.br\/?p=3661","title":{"rendered":"SEAFOOD SHOW"},"content":{"rendered":"\n<p>A Seafood Show Latin America \u00e9 um encontro de atualiza\u00e7\u00e3o e neg\u00f3cios entre produtores, fornecedores, frigor\u00edficos, varejistas, atacadistas, food service, distribuidores, importadores, exportadores e fabricantes de maquin\u00e1rio auxiliar, sendo o primeiro evento focado no interc\u00e2mbio comercial do pescado de todo o continente.<\/p>\n\n\n\n<p>Junte-se a n\u00f3s nos dias 22 a 24 de outubro, das 13h \u00e0s 20h, no Distrito Anhembi.<\/p>\n\n\n\n<p>Endere\u00e7o: Avenida Olavo Fontoura, N\u00b0 1. 209\/Santana, S\u00e3o Paulo, SP, 02012-021<\/p>\n","protected":false},"excerpt":{"rendered":"<p>A Seafood Show Latin America \u00e9 um encontro de atualiza\u00e7\u00e3o e neg\u00f3cios entre produtores, fornecedores, frigor\u00edficos, varejistas, atacadistas, food service, distribuidores, importadores, exportadores e fabricantes de maquin\u00e1rio auxiliar, sendo o primeiro evento focado no interc\u00e2mbio comercial do pescado de todo o continente. Junte-se a n\u00f3s nos dias 22 a 24 de outubro, das 13h \u00e0s [&hellip;]<\/p>\n","protected":false},"author":3,"featured_media":3662,"comment_status":"open","ping_status":"open","sticky":false,"template":"","format":"standard","meta":{"footnotes":""},"categories":[25],"tags":[],"class_list":{"0":"post-3661","1":"post","2":"type-post","3":"status-publish","4":"format-standard","5":"has-post-thumbnail","7":"category-calendariodeeventos"},"_links":{"self":[{"href":"https:\/\/tveventos.tv.br\/index.php?rest_route=\/wp\/v2\/posts\/3661","targetHints":{"allow":["GET"]}}],"collection":[{"href":"https:\/\/tveventos.tv.br\/index.php?rest_route=\/wp\/v2\/posts"}],"about":[{"href":"https:\/\/tveventos.tv.br\/index.php?rest_route=\/wp\/v2\/types\/post"}],"author":[{"embeddable":true,"href":"https:\/\/tveventos.tv.br\/index.php?rest_route=\/wp\/v2\/users\/3"}],"replies":[{"embeddable":true,"href":"https:\/\/tveventos.tv.br\/index.php?rest_route=%2Fwp%2Fv2%2Fcomments&post=3661"}],"version-history":[{"count":1,"href":"https:\/\/tveventos.tv.br\/index.php?rest_route=\/wp\/v2\/posts\/3661\/revisions"}],"predecessor-version":[{"id":3663,"href":"https:\/\/tveventos.tv.br\/index.php?rest_route=\/wp\/v2\/posts\/3661\/revisions\/3663"}],"wp:featuredmedia":[{"embeddable":true,"href":"https:\/\/tveventos.tv.br\/index.php?rest_route=\/wp\/v2\/media\/3662"}],"wp:attachment":[{"href":"https:\/\/tveventos.tv.br\/index.php?rest_route=%2Fwp%2Fv2%2Fmedia&parent=3661"}],"wp:term":[{"taxonomy":"category","embeddable":true,"href":"https:\/\/tveventos.tv.br\/index.php?rest_route=%2Fwp%2Fv2%2Fcategories&post=3661"},{"taxonomy":"post_tag","embeddable":true,"href":"https:\/\/tveventos.tv.br\/index.php?rest_route=%2Fwp%2Fv2%2Ftags&post=3661"}],"curies":[{"name":"wp","href":"https:\/\/api.w.org\/{rel}","templated":true}]}}