{"id":3664,"date":"2024-10-18T15:32:04","date_gmt":"2024-10-18T18:32:04","guid":{"rendered":"https:\/\/tveventos.tv.br\/?p=3664"},"modified":"2024-10-18T15:32:11","modified_gmt":"2024-10-18T18:32:11","slug":"e-mob","status":"publish","type":"post","link":"https:\/\/tveventos.tv.br\/?p=3664","title":{"rendered":"E-MOB"},"content":{"rendered":"\n<p>Com um novo nome a E-MOB \u00e9 focada em tudo que envolve e complementa a mobilidade verde! Din\u00e2mico, interativo e inovador, esse \u00e9 o mundo da eletromobilidade! E no E-MOB o mercado se reunir\u00e1 por mais um ano, para apresentar as novidades de servi\u00e7os e produtos do setor.<\/p>\n\n\n\n<p>Junte-se a n\u00f3s nos dias 22 a 24 de outubro, das 13h \u00e0s 19h, no S\u00e3o Paulo Expo.<\/p>\n\n\n\n<p>Endere\u00e7o: Rod. dos Imigrantes 5, S\/N, km. 1, S\u00e3o Paulo, SP, 04329-900<\/p>\n","protected":false},"excerpt":{"rendered":"<p>Com um novo nome a E-MOB \u00e9 focada em tudo que envolve e complementa a mobilidade verde! Din\u00e2mico, interativo e inovador, esse \u00e9 o mundo da eletromobilidade! E no E-MOB o mercado se reunir\u00e1 por mais um ano, para apresentar as novidades de servi\u00e7os e produtos do setor. Junte-se a n\u00f3s nos dias 22 a [&hellip;]<\/p>\n","protected":false},"author":3,"featured_media":3665,"comment_status":"open","ping_status":"open","sticky":false,"template":"","format":"standard","meta":{"footnotes":""},"categories":[25],"tags":[],"class_list":{"0":"post-3664","1":"post","2":"type-post","3":"status-publish","4":"format-standard","5":"has-post-thumbnail","7":"category-calendariodeeventos"},"_links":{"self":[{"href":"https:\/\/tveventos.tv.br\/index.php?rest_route=\/wp\/v2\/posts\/3664","targetHints":{"allow":["GET"]}}],"collection":[{"href":"https:\/\/tveventos.tv.br\/index.php?rest_route=\/wp\/v2\/posts"}],"about":[{"href":"https:\/\/tveventos.tv.br\/index.php?rest_route=\/wp\/v2\/types\/post"}],"author":[{"embeddable":true,"href":"https:\/\/tveventos.tv.br\/index.php?rest_route=\/wp\/v2\/users\/3"}],"replies":[{"embeddable":true,"href":"https:\/\/tveventos.tv.br\/index.php?rest_route=%2Fwp%2Fv2%2Fcomments&post=3664"}],"version-history":[{"count":1,"href":"https:\/\/tveventos.tv.br\/index.php?rest_route=\/wp\/v2\/posts\/3664\/revisions"}],"predecessor-version":[{"id":3666,"href":"https:\/\/tveventos.tv.br\/index.php?rest_route=\/wp\/v2\/posts\/3664\/revisions\/3666"}],"wp:featuredmedia":[{"embeddable":true,"href":"https:\/\/tveventos.tv.br\/index.php?rest_route=\/wp\/v2\/media\/3665"}],"wp:attachment":[{"href":"https:\/\/tveventos.tv.br\/index.php?rest_route=%2Fwp%2Fv2%2Fmedia&parent=3664"}],"wp:term":[{"taxonomy":"category","embeddable":true,"href":"https:\/\/tveventos.tv.br\/index.php?rest_route=%2Fwp%2Fv2%2Fcategories&post=3664"},{"taxonomy":"post_tag","embeddable":true,"href":"https:\/\/tveventos.tv.br\/index.php?rest_route=%2Fwp%2Fv2%2Ftags&post=3664"}],"curies":[{"name":"wp","href":"https:\/\/api.w.org\/{rel}","templated":true}]}}