{"id":3673,"date":"2024-10-18T15:50:29","date_gmt":"2024-10-18T18:50:29","guid":{"rendered":"https:\/\/tveventos.tv.br\/?p=3673"},"modified":"2024-10-18T15:50:30","modified_gmt":"2024-10-18T18:50:30","slug":"cnma","status":"publish","type":"post","link":"https:\/\/tveventos.tv.br\/?p=3673","title":{"rendered":"CNMA\u00a0"},"content":{"rendered":"\n<p>O Congresso Nacional das Mulheres no Agroneg\u00f3cio \u00e9 um evento que re\u00fane mulheres envolvidas no setor agropecu\u00e1rio e agroindustrial do Brasil. O objetivo do congresso \u00e9 promover a troca de experi\u00eancias, discuss\u00f5es sobre desafios e oportunidades, e o fortalecimento da presen\u00e7a feminina no agroneg\u00f3cio.&nbsp;<\/p>\n\n\n\n<p>Junte-se a n\u00f3s nos dias 23 e 24 de outubro das 08h \u00e0s 18h, no Transam\u00e9rica Expo Center.<\/p>\n\n\n\n<p>Endere\u00e7o: Av. Dr. M\u00e1rio Vilas Boas Rodrigues 387, S\u00e3o Paulo, SP, 04757-020&nbsp;<\/p>\n","protected":false},"excerpt":{"rendered":"<p>O Congresso Nacional das Mulheres no Agroneg\u00f3cio \u00e9 um evento que re\u00fane mulheres envolvidas no setor agropecu\u00e1rio e agroindustrial do Brasil. O objetivo do congresso \u00e9 promover a troca de experi\u00eancias, discuss\u00f5es sobre desafios e oportunidades, e o fortalecimento da presen\u00e7a feminina no agroneg\u00f3cio.&nbsp; Junte-se a n\u00f3s nos dias 23 e 24 de outubro das [&hellip;]<\/p>\n","protected":false},"author":3,"featured_media":3674,"comment_status":"open","ping_status":"open","sticky":false,"template":"","format":"standard","meta":{"footnotes":""},"categories":[25],"tags":[],"class_list":{"0":"post-3673","1":"post","2":"type-post","3":"status-publish","4":"format-standard","5":"has-post-thumbnail","7":"category-calendariodeeventos"},"_links":{"self":[{"href":"https:\/\/tveventos.tv.br\/index.php?rest_route=\/wp\/v2\/posts\/3673","targetHints":{"allow":["GET"]}}],"collection":[{"href":"https:\/\/tveventos.tv.br\/index.php?rest_route=\/wp\/v2\/posts"}],"about":[{"href":"https:\/\/tveventos.tv.br\/index.php?rest_route=\/wp\/v2\/types\/post"}],"author":[{"embeddable":true,"href":"https:\/\/tveventos.tv.br\/index.php?rest_route=\/wp\/v2\/users\/3"}],"replies":[{"embeddable":true,"href":"https:\/\/tveventos.tv.br\/index.php?rest_route=%2Fwp%2Fv2%2Fcomments&post=3673"}],"version-history":[{"count":1,"href":"https:\/\/tveventos.tv.br\/index.php?rest_route=\/wp\/v2\/posts\/3673\/revisions"}],"predecessor-version":[{"id":3675,"href":"https:\/\/tveventos.tv.br\/index.php?rest_route=\/wp\/v2\/posts\/3673\/revisions\/3675"}],"wp:featuredmedia":[{"embeddable":true,"href":"https:\/\/tveventos.tv.br\/index.php?rest_route=\/wp\/v2\/media\/3674"}],"wp:attachment":[{"href":"https:\/\/tveventos.tv.br\/index.php?rest_route=%2Fwp%2Fv2%2Fmedia&parent=3673"}],"wp:term":[{"taxonomy":"category","embeddable":true,"href":"https:\/\/tveventos.tv.br\/index.php?rest_route=%2Fwp%2Fv2%2Fcategories&post=3673"},{"taxonomy":"post_tag","embeddable":true,"href":"https:\/\/tveventos.tv.br\/index.php?rest_route=%2Fwp%2Fv2%2Ftags&post=3673"}],"curies":[{"name":"wp","href":"https:\/\/api.w.org\/{rel}","templated":true}]}}