{"id":368,"date":"2023-09-26T16:05:31","date_gmt":"2023-09-26T19:05:31","guid":{"rendered":"https:\/\/tveventos.tv.br\/?p=368"},"modified":"2023-09-26T16:05:34","modified_gmt":"2023-09-26T19:05:34","slug":"in-cosmetics-latin-america-comeca-amanha-e-traz-tendencias-da-industria-de-ingredientes-para-higiene-pessoal-perfumaria-e-cosmeticos","status":"publish","type":"post","link":"https:\/\/tveventos.tv.br\/?p=368","title":{"rendered":"in-cosmetics Latin America come\u00e7a amanh\u00e3 e traz tend\u00eancias da ind\u00fastria de ingredientes para higiene pessoal, perfumaria e cosm\u00e9ticos"},"content":{"rendered":"\n<p><em>Ingredientes verdes, ultra personaliza\u00e7\u00e3o e multifuncionalidade s\u00e3o alguns dos lan\u00e7amentos para ativos nessa edi\u00e7\u00e3o que acontece no Expo Center Norte, na capital paulista<\/em><\/p>\n\n\n\n<p><strong>\u00a0<\/strong>Ativos formulados com borra de caf\u00e9, ingredientes que estimulam o efeito da harmoniza\u00e7\u00e3o facial e os multifuncionais que servem para o cabelo e a pele ao mesmo tempo, est\u00e3o entre as principais tend\u00eancias que fabricantes da ind\u00fastria HPPC (Higiene Pessoal, Perfumaria e Cosm\u00e9ticos) ir\u00e3o encontrar ao visitarem a in-cosmetics Latin America. Nessa edi\u00e7\u00e3o, que acontece nos dias 27 e 28 de setembro, no Expo Center Norte, em S\u00e3o Paulo, profissionais do setor poder\u00e3o debater e aprender sobre as inova\u00e7\u00f5es com players nacionais e internacionais.<\/p>\n\n\n\n<p>\u201cEntendemos o evento como o epicentro para o setor, pois alimenta o&nbsp; ciclo de cria\u00e7\u00e3o e produ\u00e7\u00e3o de novas formula\u00e7\u00f5es da ind\u00fastria HPPC. Reunimos as principais marcas que atuam com suporte de pesquisa e muita inova\u00e7\u00e3o para apresentar solu\u00e7\u00f5es que ser\u00e3o tend\u00eancia nos pr\u00f3ximos anos\u201d, explica Barbara Robles, gerente de marketing da&nbsp; in-cosmetics Latin America.<\/p>\n\n\n\n<p>O evento re\u00fane mais de&nbsp;<strong>190 marcas&nbsp;<\/strong>entre nacionais e internacionais trazendo o maior n\u00famero de novos expositores desde a primeira edi\u00e7\u00e3o do evento. Entre as novas marcas, est\u00e3o Brenntag, Fortiquim, Oleon Am\u00e9rica, RAHN, SABO, Salicylates e Circe, al\u00e9m dos nomes que tradicionalmente fazem parte do evento, como BASF, Ashland, Kobo, Cosmotec, Givaudan, Chemyunion e Merck.<\/p>\n\n\n\n<p>O Innovation Tour tamb\u00e9m est\u00e1 confirmado. Nele, os profissionais com perfil de P&amp;D poder\u00e3o participar de um tour guiado com a sele\u00e7\u00e3o dos ingredientes mais inovadores e curadoria de Cleber Barros, consultor t\u00e9cnico da in-cosmetics Latin America&nbsp;<\/p>\n\n\n\n<p>Seguindo o tema dessa edi\u00e7\u00e3o, \u201cCi\u00eancia e Sustentabilidade\u201d, uma das novidades \u00e9 o pr\u00eamio&nbsp;<strong>Green Ingredient Award,<\/strong>&nbsp;que apresentar\u00e1 os destaques para mat\u00e9rias-primas verdes e os visitantes poder\u00e3o conferir uma nova edi\u00e7\u00e3o do&nbsp;<strong>Best Ingredient Award,&nbsp;<\/strong>que premia os ingredientes mais inovadores. Ainda na linha de reconhecimento, a Associa\u00e7\u00e3o Brasileira da Ind\u00fastria de Higiene Pessoal, Perfumaria e Cosm\u00e9ticos, mais uma vez parceira oficial, apresentar\u00e1 o&nbsp;<strong>Pr\u00eamio Inova\u00e7\u00e3o ABIHPEC<\/strong>,&nbsp; que reconhece as ind\u00fastrias de ingredientes que t\u00eam contribu\u00eddo com o aumento da competitividade do mercado de HPPC, por meio da implementa\u00e7\u00e3o de projetos inovadores.<\/p>\n\n\n\n<p>\u201cAs experi\u00eancias e conte\u00fados est\u00e3o ligadas aos debates de sustentabilidade e \u00e0s pol\u00edticas de ESG que avan\u00e7am o tempo todo no setor. Nosso objetivo \u00e9 trazer, na pr\u00e1tica e da educa\u00e7\u00e3o, as melhores iniciativas e op\u00e7\u00f5es favor\u00e1veis de acordo com as necessidades atuais, at\u00e9 porque o pr\u00f3prio consumidor tem novos par\u00e2metros para decis\u00e3o de compra\u201d, diz Barbara.<\/p>\n\n\n\n<p>Al\u00e9m do workshop da ABIHPEC j\u00e1 confirmado, os visitantes contar\u00e3o com conte\u00fado educacional dos&nbsp; semin\u00e1rios t\u00e9cnicos&nbsp; focando em aplica\u00e7\u00f5es das empresas como&nbsp;<strong>Thor, Lipotrue, Lanxess<\/strong>&nbsp;e<strong>&nbsp;Kobo<\/strong>; as sess\u00f5es muito disputadas de tend\u00eancias de mercado da&nbsp;<strong>WGSN, Mintel<\/strong>,&nbsp;<strong>BEAUTYSTREAMS, Euromonitor<\/strong>,&nbsp;<strong>Ecovia Intelligence<\/strong>,&nbsp;<strong>Peclers&#8217; Paris; e&nbsp;<\/strong>&nbsp;pain\u00e9is que trazem a discuss\u00e3o da&nbsp; Sustentabilidade e&nbsp; ESG na ind\u00fastria, as demonstra\u00e7\u00f5es ao vivo no Live Demo e as apresenta\u00e7\u00f5es dos produtos mais inovadores com curadoria da Mintel.<\/p>\n\n\n\n<p>Para os profissionais interessados em participar, o credenciamento, gratuito e on-line, j\u00e1 pode ser feito no site&nbsp;<a href=\"https:\/\/www.in-cosmetics.com\/latin-america\/pt-br.html\" target=\"_blank\" rel=\"noreferrer noopener\">https:\/\/www.in-cosmetics.com\/latin-america\/pt-br.html<\/a>&nbsp;. O registro antecipado \u00e9 recomendado para melhor planejamento da participa\u00e7\u00e3o, principalmente para quem \u00e9 do exterior ou mora fora de S\u00e3o Paulo, e aproveitamento das ferramentas digitais de matchmaking para otimiza\u00e7\u00e3o da visita.<\/p>\n\n\n\n<p><strong><u>Servi\u00e7o:<\/u><\/strong><\/p>\n\n\n\n<p><strong>in-cosmetics Latin America<\/strong><\/p>\n\n\n\n<p><strong><em>Data<\/em><\/strong>: 27 e 28 de setembro<br><strong><em>Hor\u00e1rio<\/em><\/strong>: das 10h \u00e0s 19h<br><strong><em>Local:<\/em><\/strong>&nbsp;Expo Center Norte \u2013 Rua Jos\u00e9 Bernardo Pinto, 333 \u2013 Vila Guilherme, S\u00e3o Paulo<\/p>\n\n\n\n<p><strong>Sobre a in-cosmetics Latin America<\/strong><\/p>\n\n\n\n<p>\u00c9 o evento l\u00edder na Am\u00e9rica Latina em mat\u00e9rias-primas para a ind\u00fastria de beleza e cuidados pessoais. Faz parte do Grupo in-cosmetics, que est\u00e1 \u00e0 frente das maiores feiras do setor na Europa, \u00c1sia e nas Am\u00e9ricas, e \u00e9 organizado pela RX Global, refer\u00eancia em realiza\u00e7\u00e3o de eventos no mundo. A in-cosmetics Latin America \u00e9 um importante centro de neg\u00f3cios para a regi\u00e3o, conectando fornecedores e empresas de cosm\u00e9ticos \u00e0s principais tend\u00eancias e inova\u00e7\u00f5es de mercado. A edi\u00e7\u00e3o deste ano reuniu mais de 150 expositores vindos de mais de 20 pa\u00edses e a pr\u00f3xima j\u00e1 tem data marcada: 27 e 28 de setembro de 2023, no Expo Center Norte.<\/p>\n\n\n\n<p><strong>RX<\/strong><\/p>\n\n\n\n<p>&nbsp;A&nbsp;<a href=\"https:\/\/rxglobal.com\/rx-brazil\" target=\"_blank\" rel=\"noreferrer noopener\">RX<\/a>&nbsp;oferece oportunidades de conex\u00e3o e constru\u00e7\u00e3o de neg\u00f3cios para indiv\u00edduos, comunidades e organiza\u00e7\u00f5es. Usamos o poder dos eventos presenciais, combinando dados e produtos digitais para conectar pessoas, oferecendo experi\u00eancias e oportunidades de neg\u00f3cios por meio de mais de 400 eventos realizados em 22 pa\u00edses e 42 diferentes setores da economia. \u00c9 uma empresa dedicada em causar impactos positivos na sociedade e est\u00e1 comprometida em criar um ambiente de trabalho inclusivo para todos.<\/p>\n\n\n\n<p>A&nbsp;<a href=\"https:\/\/rxglobal.com\/rx-brazil\" target=\"_blank\" rel=\"noreferrer noopener\">RX<\/a>&nbsp;faz parte da&nbsp;<a href=\"https:\/\/www.relx.com\/\" target=\"_blank\" rel=\"noreferrer noopener\">RELX<\/a>, um provedor global de an\u00e1lises baseadas em informa\u00e7\u00f5es e ferramentas de decis\u00e3o para profissionais e clientes corporativos.&nbsp;<a href=\"https:\/\/rxglobal.com\/rx-brazil\" target=\"_blank\" rel=\"noreferrer noopener\">RX<\/a>&nbsp;\u2013 In the business of building businesess&nbsp;<a href=\"http:\/\/www.rxglobal.com\/rx-brazil\" target=\"_blank\" rel=\"noreferrer noopener\">www.rxglobal.com\/rx-brazil<\/a><\/p>\n\n\n\n<p><strong>RELX<\/strong><\/p>\n\n\n\n<p>A&nbsp;<a href=\"https:\/\/www.relx.com\/\" target=\"_blank\" rel=\"noreferrer noopener\">RELX<\/a>&nbsp;\u00e9 uma fornecedora global de ferramentas de an\u00e1lise e decis\u00e3o baseadas em informa\u00e7\u00f5es para clientes profissionais e empresariais. A&nbsp;<a href=\"https:\/\/www.relx.com\/\" target=\"_blank\" rel=\"noreferrer noopener\">RELX<\/a>&nbsp;atende clientes em mais de 180 pa\u00edses e possui escrit\u00f3rios em cerca de 40 pa\u00edses. Emprega mais de 35.000 pessoas, mais de 40% das quais est\u00e3o na Am\u00e9rica do Norte. As a\u00e7\u00f5es da RELX PLC, controladora, s\u00e3o negociadas nas Bolsas de Valores de Londres, Amsterd\u00e3 e Nova York usando os seguintes s\u00edmbolos de ticker: Londres: REL; Amsterd\u00e3: REN; Nova Iorque: RELX.<\/p>\n\n\n\n<p>*Nota: A capitaliza\u00e7\u00e3o de mercado atual pode ser encontrada em&nbsp;<a href=\"http:\/\/www.relx.com\/investors\" target=\"_blank\" rel=\"noreferrer noopener\">http:\/\/www.relx.com\/investors<\/a>&nbsp;<\/p>\n","protected":false},"excerpt":{"rendered":"<p>Ingredientes verdes, ultra personaliza\u00e7\u00e3o e multifuncionalidade s\u00e3o alguns dos lan\u00e7amentos para ativos nessa edi\u00e7\u00e3o que acontece no Expo Center Norte, na capital paulista \u00a0Ativos formulados com borra de caf\u00e9, ingredientes que estimulam o efeito da harmoniza\u00e7\u00e3o facial e os multifuncionais que servem para o cabelo e a pele ao mesmo tempo, est\u00e3o entre as principais [&hellip;]<\/p>\n","protected":false},"author":2,"featured_media":369,"comment_status":"open","ping_status":"open","sticky":false,"template":"","format":"standard","meta":{"footnotes":""},"categories":[23],"tags":[],"class_list":{"0":"post-368","1":"post","2":"type-post","3":"status-publish","4":"format-standard","5":"has-post-thumbnail","7":"category-feirasdenegocios"},"_links":{"self":[{"href":"https:\/\/tveventos.tv.br\/index.php?rest_route=\/wp\/v2\/posts\/368","targetHints":{"allow":["GET"]}}],"collection":[{"href":"https:\/\/tveventos.tv.br\/index.php?rest_route=\/wp\/v2\/posts"}],"about":[{"href":"https:\/\/tveventos.tv.br\/index.php?rest_route=\/wp\/v2\/types\/post"}],"author":[{"embeddable":true,"href":"https:\/\/tveventos.tv.br\/index.php?rest_route=\/wp\/v2\/users\/2"}],"replies":[{"embeddable":true,"href":"https:\/\/tveventos.tv.br\/index.php?rest_route=%2Fwp%2Fv2%2Fcomments&post=368"}],"version-history":[{"count":1,"href":"https:\/\/tveventos.tv.br\/index.php?rest_route=\/wp\/v2\/posts\/368\/revisions"}],"predecessor-version":[{"id":370,"href":"https:\/\/tveventos.tv.br\/index.php?rest_route=\/wp\/v2\/posts\/368\/revisions\/370"}],"wp:featuredmedia":[{"embeddable":true,"href":"https:\/\/tveventos.tv.br\/index.php?rest_route=\/wp\/v2\/media\/369"}],"wp:attachment":[{"href":"https:\/\/tveventos.tv.br\/index.php?rest_route=%2Fwp%2Fv2%2Fmedia&parent=368"}],"wp:term":[{"taxonomy":"category","embeddable":true,"href":"https:\/\/tveventos.tv.br\/index.php?rest_route=%2Fwp%2Fv2%2Fcategories&post=368"},{"taxonomy":"post_tag","embeddable":true,"href":"https:\/\/tveventos.tv.br\/index.php?rest_route=%2Fwp%2Fv2%2Ftags&post=368"}],"curies":[{"name":"wp","href":"https:\/\/api.w.org\/{rel}","templated":true}]}}