{"id":3680,"date":"2024-10-21T12:20:23","date_gmt":"2024-10-21T15:20:23","guid":{"rendered":"https:\/\/tveventos.tv.br\/?p=3680"},"modified":"2024-10-21T12:20:27","modified_gmt":"2024-10-21T15:20:27","slug":"fisp-e-fire-show-trazem-inovacoes-em-seguranca-e-combate-a-incendios-a-partir-de-terca-22","status":"publish","type":"post","link":"https:\/\/tveventos.tv.br\/?p=3680","title":{"rendered":"FISP e Fire Show trazem inova\u00e7\u00f5es em seguran\u00e7a e combate a inc\u00eandios a partir de ter\u00e7a (22)"},"content":{"rendered":"\n<p class=\"has-text-align-center\"><em>Com um pavilh\u00e3o a mais que na \u00faltima edi\u00e7\u00e3o, eventos simult\u00e2neos devem receber mais de\u00a050 mil visitantes\u00a0at\u00e9 quinta (24) no S\u00e3o Paulo Expo<\/em>.<\/p>\n\n\n\n<p>A FISP \u2013 24\u00aa Feira Internacional de Seguran\u00e7a e Prote\u00e7\u00e3o e a Fire Show \u2013 15\u00aa International Fire Fair come\u00e7am ter\u00e7a-feira (22), \u00e0s 13h. Os eventos simult\u00e2neos ser\u00e3o realizados por tr\u00eas dias consecutivos, sempre no mesmo hor\u00e1rio, no S\u00e3o Paulo Expo, e ir\u00e3o apresentar as principais novidades nos setores de seguran\u00e7a do trabalho e de preven\u00e7\u00e3o e prote\u00e7\u00e3o contra inc\u00eandios.<br>&nbsp;<\/p>\n\n\n\n<p>As feiras s\u00e3o organizadas pela Fiera Milano Brasil, em parceria com a Associa\u00e7\u00e3o Brasileira dos Distribuidores e Importadores de Equipamentos e Produtos de Seguran\u00e7a e Prote\u00e7\u00e3o ao Trabalho (Abraseg), Associa\u00e7\u00e3o Nacional da Ind\u00fastria de Material de Seguran\u00e7a e Prote\u00e7\u00e3o ao Trabalho (Animaseg), Sindicato da Ind\u00fastria de Material de Seguran\u00e7a (Sindiseg) e Abiex (Associa\u00e7\u00e3o Brasileira das Ind\u00fastrias de Equipamentos Contra Inc\u00eandios e Cilindros de Alta Press\u00e3o).<\/p>\n\n\n\n<p>O evento cresce de tamanho e passa a ocupar cinco pavilh\u00f5es, um a mais que na edi\u00e7\u00e3o anterior, e um crescimento de 20% no n\u00famero de expositores, chegando a 700 marcas expositoras.<br>&nbsp;<\/p>\n\n\n\n<p>A&nbsp;<strong>solenidade de abertura est\u00e1 programada para \u00e0s 12h desta ter\u00e7a (22), na entrada do Pavilh\u00e3o 4&nbsp;<\/strong>do S\u00e3o Paulo Expo. A expectativa da organiza\u00e7\u00e3o \u00e9 que mais de 50 mil pessoas, que contam com transfer gratuito saindo da esta\u00e7\u00e3o Santos-Imigrantes do metr\u00f4, passem pelas feiras. Na \u00faltima edi\u00e7\u00e3o, 80% do p\u00fablico presente decidia ou tinha influ\u00eancia sobre a compra. O&nbsp;<a href=\"https:\/\/easyexpo.com.br\/v3\/fisp_fire\/24\/indfire\" target=\"_blank\" rel=\"noreferrer noopener\"><u>credenciamento para visitantes<\/u><\/a>&nbsp;est\u00e1 aberto de forma gratuita.<br>&nbsp;<\/p>\n\n\n\n<p>Pela primeira vez, ser\u00e1 realizado o Espa\u00e7o Tecnologia e Inova\u00e7\u00e3o, uma \u00e1rea pr\u00f3xima da entrada para destacar os produtos e servi\u00e7os mais inovadores do setor. A curadoria est\u00e1 a cargo da ANIMASEG. A entidade tamb\u00e9m organiza, o Espa\u00e7o Tecnologia e Inova\u00e7\u00e3o &#8211; Palestras, que busca discutir e tra\u00e7ar um amplo panorama das inova\u00e7\u00f5es e normas em torno do ABNT-CB032 &#8211; Comit\u00ea Brasileiro de EPIs.\u200b\u200b<br>&nbsp;<\/p>\n\n\n\n<p>A&nbsp;<a href=\"https:\/\/feirafisp.com.br\/cobrasemt-xxv-congresso-brasileiro-de-seguranca-e-medicina-do-trabalho\/\" target=\"_blank\" rel=\"noreferrer noopener\"><u>25\u00aa edi\u00e7\u00e3o do COBRASEMT<\/u><\/a>&nbsp;&#8211; Congresso Brasileiro de Seguran\u00e7a e Medicina do Trabalho ir\u00e1 reunir as principais entidades prevencionistas do pa\u00eds: ABERGO, ABHO, ABRAPHISET, ABRASEG, ABRATEST, ABRESST, AISOHMEX-BR, ANAMT, ANATEST, ANDEST, ANEST, ANIMASEG, FENATEST, IBAPE e OBESST. O COBRASEMT teve suas primeiras edi\u00e7\u00f5es ainda na d\u00e9cada de 70 e a simples retomada de sua realiza\u00e7\u00e3o com todas essas entidades, j\u00e1 \u00e9 uma demonstra\u00e7\u00e3o de uni\u00e3o do setor.<\/p>\n\n\n\n<p>Ainda pela ANIMASEG, por meio do projeto Brazilian Safety, alian\u00e7a estrat\u00e9gica com a ApexBrasil, haver\u00e1 a Rodada de Neg\u00f3cios que trar\u00e1 10 compradores internacionais para estarem \u00e0 mesa com os fabricantes brasileiros de EPIs (Equipamentos de Prote\u00e7\u00e3o Individual) e EPCs (Equipamentos de Prote\u00e7\u00e3o Coletiva). A iniciativa ir\u00e1 promover mais de 300 reuni\u00f5es durante os tr\u00eas dias de evento.<\/p>\n\n\n\n<p>Destaque tamb\u00e9m este ano \u00e9 a premia\u00e7\u00e3o Selo ConsultaCA.com, voltada \u00e0s empresas comprometidas com o consumidor de EPI, que ser\u00e1 realizada no evento. Promovida pela plataforma digital da SafetyTec, a premia\u00e7\u00e3o reconhece os fabricantes e importadores que oferecem o melhor atendimento ao cliente e incentiva boas pr\u00e1ticas no setor.<\/p>\n\n\n\n<p>E em uma \u00e1rea de 700 metros quadrados da Fisp, o p\u00fablico vai conhecer, em tempo real, detalhes da produ\u00e7\u00e3o de cal\u00e7ados na F\u00e1brica Modelo de Seguran\u00e7a, projeto idealizado pelo IBTeC (Instituto Brasileiro de Tecnologia do Couro, Cal\u00e7ado e Artefatos) em parceria com a empresa Marluvas, Equipamentos Profissionais. J\u00e1 o SENAI-SP trar\u00e1 uma de suas Escolas M\u00f3veis, para uma demonstra\u00e7\u00e3o imersiva de sua tecnologia de ponta e inova\u00e7\u00e3o no setor de seguran\u00e7a do trabalho.<br>&nbsp;<\/p>\n\n\n\n<p><strong>Servi\u00e7o:<\/strong><\/p>\n\n\n\n<p><strong>FISP \u2013 24\u00aa Feira Internacional de Seguran\u00e7a e Prote\u00e7\u00e3o |<\/strong>&nbsp;<strong>Fire Show \u2013 15\u00aa International Fire Fair<\/strong><\/p>\n\n\n\n<p>Data: 22 a 24 de outubro<\/p>\n\n\n\n<p>Hor\u00e1rio: das 13h \u00e0s 21h<\/p>\n\n\n\n<p>Local: S\u00e3o Paulo Expo<\/p>\n\n\n\n<p>Endere\u00e7o: Rodovia dos Imigrantes, 1,5 km &#8211; Vila \u00c1gua Funda, S\u00e3o Paulo &#8211; SP<\/p>\n\n\n\n<p>Mais informa\u00e7\u00f5es&nbsp;<a href=\"https:\/\/feirafisp.com.br\/\" target=\"_blank\" rel=\"noreferrer noopener\"><u>Fisp<\/u><\/a>&nbsp;|&nbsp;<a href=\"https:\/\/fireshow.com.br\/16\/\" target=\"_blank\" rel=\"noreferrer noopener\"><u>Fire Show<\/u><\/a>&nbsp;.<\/p>\n\n\n\n<p><strong>Sobre a Fiera Milano Brasil<\/strong><\/p>\n\n\n\n<p>A Fiera Milano Brasil&nbsp;\u00e9 a&nbsp;filial brasileira da Fiera Milano, um dos maiores players de feiras e congressos do mundo que a cada ano atraem aproximadamente 30 mil expositores e mais de cinco milh\u00f5es de visitantes.&nbsp;No Brasil, s\u00e3o realizadas&nbsp;nove&nbsp;feiras que representam os mais diversos segmentos da economia, como seguran\u00e7a, energias limpas e renov\u00e1veis, tubos e conex\u00f5es, cabos, sa\u00fade no trabalho, tecnologias em reabilita\u00e7\u00e3o, inclus\u00e3o e acessibilidade, entre outras. Entre as principais marcas do portf\u00f3lio est\u00e3o Exposec, FISP, Fire Show, Congresso Ecoenergy,&nbsp;Tubotech, wire Brasil, Fruit Attraction S\u00e3o Paulo, em parceria com IFEMA Madrid, Reatech + Expo Brasil Paral\u00edmpico, em parceria com o Comit\u00ea Paral\u00edmpico Brasileiro (CPB), Esquadria Show, em parceria com N\u00fcrnbergMesse Brasil, TranspoQuip e ExpoParking em parceria com a BMComm. Mais informa\u00e7\u00f5es acesse&nbsp;<a href=\"https:\/\/www.fieramilanobrasil.com.br\/\" target=\"_blank\" rel=\"noreferrer noopener\">aqui<\/a><\/p>\n","protected":false},"excerpt":{"rendered":"<p>Com um pavilh\u00e3o a mais que na \u00faltima edi\u00e7\u00e3o, eventos simult\u00e2neos devem receber mais de\u00a050 mil visitantes\u00a0at\u00e9 quinta (24) no S\u00e3o Paulo Expo. A FISP \u2013 24\u00aa Feira Internacional de Seguran\u00e7a e Prote\u00e7\u00e3o e a Fire Show \u2013 15\u00aa International Fire Fair come\u00e7am ter\u00e7a-feira (22), \u00e0s 13h. Os eventos simult\u00e2neos ser\u00e3o realizados por tr\u00eas dias [&hellip;]<\/p>\n","protected":false},"author":2,"featured_media":3681,"comment_status":"open","ping_status":"open","sticky":false,"template":"","format":"standard","meta":{"footnotes":""},"categories":[23],"tags":[],"class_list":{"0":"post-3680","1":"post","2":"type-post","3":"status-publish","4":"format-standard","5":"has-post-thumbnail","7":"category-feirasdenegocios"},"_links":{"self":[{"href":"https:\/\/tveventos.tv.br\/index.php?rest_route=\/wp\/v2\/posts\/3680","targetHints":{"allow":["GET"]}}],"collection":[{"href":"https:\/\/tveventos.tv.br\/index.php?rest_route=\/wp\/v2\/posts"}],"about":[{"href":"https:\/\/tveventos.tv.br\/index.php?rest_route=\/wp\/v2\/types\/post"}],"author":[{"embeddable":true,"href":"https:\/\/tveventos.tv.br\/index.php?rest_route=\/wp\/v2\/users\/2"}],"replies":[{"embeddable":true,"href":"https:\/\/tveventos.tv.br\/index.php?rest_route=%2Fwp%2Fv2%2Fcomments&post=3680"}],"version-history":[{"count":1,"href":"https:\/\/tveventos.tv.br\/index.php?rest_route=\/wp\/v2\/posts\/3680\/revisions"}],"predecessor-version":[{"id":3682,"href":"https:\/\/tveventos.tv.br\/index.php?rest_route=\/wp\/v2\/posts\/3680\/revisions\/3682"}],"wp:featuredmedia":[{"embeddable":true,"href":"https:\/\/tveventos.tv.br\/index.php?rest_route=\/wp\/v2\/media\/3681"}],"wp:attachment":[{"href":"https:\/\/tveventos.tv.br\/index.php?rest_route=%2Fwp%2Fv2%2Fmedia&parent=3680"}],"wp:term":[{"taxonomy":"category","embeddable":true,"href":"https:\/\/tveventos.tv.br\/index.php?rest_route=%2Fwp%2Fv2%2Fcategories&post=3680"},{"taxonomy":"post_tag","embeddable":true,"href":"https:\/\/tveventos.tv.br\/index.php?rest_route=%2Fwp%2Fv2%2Ftags&post=3680"}],"curies":[{"name":"wp","href":"https:\/\/api.w.org\/{rel}","templated":true}]}}