{"id":3684,"date":"2024-10-21T12:37:45","date_gmt":"2024-10-21T15:37:45","guid":{"rendered":"https:\/\/tveventos.tv.br\/?p=3684"},"modified":"2024-10-21T12:37:48","modified_gmt":"2024-10-21T15:37:48","slug":"desafios-trazidos-pelas-mudancas-climaticas-como-a-tragedia-das-chuvas-em-sao-paulo-serao-debatidos-no-35o-encontro-tecnico-aesabesp-e-fenasan-2024","status":"publish","type":"post","link":"https:\/\/tveventos.tv.br\/?p=3684","title":{"rendered":"Desafios trazidos pelas mudan\u00e7as clim\u00e1ticas, como a trag\u00e9dia das chuvas em S\u00e3o Paulo, ser\u00e3o debatidos no 35\u00ba Encontro T\u00e9cnico AESabesp e Fenasan 2024"},"content":{"rendered":"\n<p class=\"has-text-align-center\">Solu\u00e7\u00f5es tecnol\u00f3gicas e inova\u00e7\u00f5es no saneamento para evitar trag\u00e9dias como as que ocorreram no \u00faltimo final de semana em virtude dos temporais em SP e causaram a morte de sete pessoas ser\u00e3o amplamente debatidas por renomados especialistas.<\/p>\n\n\n\n<p>Com foco nas mudan\u00e7as clim\u00e1ticas, as mesas redondas e os pain\u00e9is do 35\u00ba Encontro T\u00e9cnico da AESabesp trar\u00e3o discuss\u00f5es sobre tend\u00eancias e inova\u00e7\u00f5es do saneamento. Temas como ESG, sustentabilidade e Painel Intergovernamental sobre Mudan\u00e7as Clim\u00e1ticas (IPCC) s\u00e3o alguns destaques deste ano. Solu\u00e7\u00f5es tecnol\u00f3gicas e inova\u00e7\u00f5es no saneamento para evitar trag\u00e9dias como as que ocorreram no \u00faltimo final de semana em virtude dos temporais em S\u00e3o Paulo e causaram a morte de sete pessoas ser\u00e3o amplamente debatidas por renomados especialistas.<\/p>\n\n\n\n<p>O maior evento de saneamento e meio ambiente da Am\u00e9rica Latina acontece entre os dias 22 e 24 de outubro, no Expo Center Norte, em S\u00e3o Paulo. Promovido pela Associa\u00e7\u00e3o dos Engenheiros da Sabesp (AESabesp), em parceria com a Associa\u00e7\u00e3o dos Especialistas em Saneamento (AESAN), a edi\u00e7\u00e3o deste ano traz o tema central &#8220;Saneamento Ambiental: condi\u00e7\u00e3o fundamental para o enfrentamento das mudan\u00e7as clim\u00e1ticas&#8221;.<\/p>\n\n\n\n<p>\u201cAcredito que o Encontro T\u00e9cnico Fenasan ser\u00e1 o momento ideal para que as autoridades presentes e o meio acad\u00eamico possam tratar e propor mudan\u00e7as no sentido real da palavra. Trazer projetos e agregar ideias que possam cada vez mais contribuir para a redu\u00e7\u00e3o do impacto das mudan\u00e7as clim\u00e1ticas nas cidades\u201d, analisa Luciomar Santos Werneck, presidente da AESabesp.<\/p>\n\n\n\n<p>Werneck conta ainda que em viagem recente a New Orleans, nos Estados Unidos, pode testemunhar o trabalho realizado l\u00e1 ap\u00f3s a passagem do furac\u00e3o Katrina. \u201cO ex\u00e9rcito construiu uma barragem e protegeu a cidade contra novas inunda\u00e7\u00f5es. S\u00e3o cerca de 280 km de \u00e1rea protegida em torno da cidade. Aproveito para chamar a todos para trazer propostas e ideias para nosso evento\u201d , convida.<\/p>\n\n\n\n<p>Ser\u00e3o foco das mesas redondas, por exemplo \u201cCidades Inteligentes e as Mudan\u00e7as Clim\u00e1ticas\u201d, \u201cDesafios e Oportunidades dos Munic\u00edpios Brasileiros diante das Mudan\u00e7as Clim\u00e1ticas e da Seguran\u00e7a H\u00eddrica\u201d, \u201cResili\u00eancia Operacional: adapta\u00e7\u00e3o \u00e0s mudan\u00e7as clim\u00e1ticas e efeitos das cat\u00e1strofes naturais nos sistemas de saneamento\u201d, Drenagem urbana e as fortes consequ\u00eancias das mudan\u00e7as clim\u00e1ticas nas cidades&#8221; e&nbsp; &#8220;IPCC &#8211; Painel Intergovernamental sobre Mudan\u00e7as Clim\u00e1ticas: a din\u00e2mica de trabalho dos autores&#8221;.<br>&nbsp;<br>Alinhamento aos ODS e ao ESG<br>Alinhada aos ODS \u2013 Objetivos de Desenvolvimento Sustent\u00e1vel estabelecidos pela ONU e aos conceitos de ESG, a edi\u00e7\u00e3o 2024 continuar\u00e1 ampliando o di\u00e1logo em torno das quest\u00f5es de saneamento ambiental, meio ambiente e sustentabilidade e promovendo o compartilhamento de conhecimento altamente qualificado.<br>O evento reunir\u00e1 especialistas e profissionais de elevado n\u00edvel de conhecimento, como engenheiros, qu\u00edmicos, bi\u00f3logos, t\u00e9cnicos, pesquisadores, estudantes, gestores e empres\u00e1rios que atuam no saneamento ambiental e, de forma geral, todas as pessoas interessadas no avan\u00e7o da aplica\u00e7\u00e3o dos conhecimentos da engenharia e das inova\u00e7\u00f5es tecnol\u00f3gicas no setor, com participa\u00e7\u00e3o de congressistas, visitantes da Feira e as mais renomadas empresas da cadeia produtiva do saneamento: fabricantes, distribuidoras e prestadoras de servi\u00e7os do mercado.<br>Al\u00e9m de polo de neg\u00f3cios e oportunidades de networking, o evento tem por objetivo a promo\u00e7\u00e3o e divulga\u00e7\u00e3o do desenvolvimento tecnol\u00f3gico do saneamento e de produtos empregados em sistemas de tratamento de \u00e1gua, adu\u00e7\u00e3o e abastecimento e sistemas de coleta, tratamento de esgotos, drenagem e disposi\u00e7\u00e3o final de res\u00edduos e demais a\u00e7\u00f5es do saneamento ambiental.<br>A visita\u00e7\u00e3o \u00e0 Fenasan, que \u00e9 gratuita, ser\u00e1 integrada \u00e0 feira Waste Expo Brasil 2024, destinada \u00e0 gest\u00e3o dos res\u00edduos s\u00f3lidos; reciclagem, limpeza p\u00fablica, saneamento urbano e gera\u00e7\u00e3o de energia sustent\u00e1vel. Juntos, os eventos ampliam as oportunidades de networking e neg\u00f3cios para os mais de 22 mil visitantes esperados.&nbsp;<br>Para inscri\u00e7\u00f5es para o Encontro T\u00e9cnico,&nbsp;acesse aqui: &nbsp;https:\/\/www.fenasan.com.br\/&nbsp;&nbsp;<br>Sobre a AESabesp<br>A AESabesp (Associa\u00e7\u00e3o dos Engenheiros da Sabesp) \u00e9 uma entidade fundada em 15 de setembro de 1986 e nesses 38 anos de exist\u00eancia tem reunido profissionais da Sabesp (Companhia de Saneamento B\u00e1sico do Estado de S\u00e3o Paulo) e do setor de saneamento ambiental, com atendimento voltado \u00e0 sua excel\u00eancia, por meio da promo\u00e7\u00e3o de incentivos (bolsas de estudos, cursos de especializa\u00e7\u00e3o e capacita\u00e7\u00e3o e demais eventos culturais e sociais) e realiza\u00e7\u00e3o de grandes eventos de fomento \u00e0 tecnologia, como seus tradicionais Congressos T\u00e9cnicos e a Fenasan \u2013 considerada a maior realiza\u00e7\u00e3o t\u00e9cnica-mercadol\u00f3gica da Am\u00e9rica Latina.<br>AESabesp, h\u00e1 38 anos ajudando a desenvolver o saneamento sustent\u00e1vel no Brasil e contribuindo com a sa\u00fade e qualidade de vida das pessoas.<br>Website:&nbsp;https:\/\/www.aesabesp.org.br\/<\/p>\n\n\n\n<p>Servi\u00e7o<\/p>\n\n\n\n<p>35\u00ba Encontro T\u00e9cnico AESabesp\/Fenasan 2024 &#8220;Saneamento Ambiental: condi\u00e7\u00e3o fundamental para o enfrentamento das mudan\u00e7as clim\u00e1ticas&#8221;<br>Quando: de 22 a 24 de outubro de 2024<\/p>\n\n\n\n<p>Onde: 35\u00ba Encontro T\u00e9cnico AESabesp\/Fenasan 2024 &#8211; Expo Center Norte, em S\u00e3o Paulo, capital &#8211; Pavilh\u00f5es Verde e Vermelho Expo Center Norte, em S\u00e3o Paulo\/SP.<br>&nbsp;<br>Visita\u00e7\u00e3o \u00e0 feira: gratuita<\/p>\n\n\n\n<p>Para mais informa\u00e7\u00f5es, acesse:&nbsp;https:\/\/www.fenasan.com.br\/&nbsp;&nbsp;<\/p>\n","protected":false},"excerpt":{"rendered":"<p>Solu\u00e7\u00f5es tecnol\u00f3gicas e inova\u00e7\u00f5es no saneamento para evitar trag\u00e9dias como as que ocorreram no \u00faltimo final de semana em virtude dos temporais em SP e causaram a morte de sete pessoas ser\u00e3o amplamente debatidas por renomados especialistas. Com foco nas mudan\u00e7as clim\u00e1ticas, as mesas redondas e os pain\u00e9is do 35\u00ba Encontro T\u00e9cnico da AESabesp trar\u00e3o [&hellip;]<\/p>\n","protected":false},"author":2,"featured_media":3685,"comment_status":"open","ping_status":"open","sticky":false,"template":"","format":"standard","meta":{"footnotes":""},"categories":[1],"tags":[],"class_list":{"0":"post-3684","1":"post","2":"type-post","3":"status-publish","4":"format-standard","5":"has-post-thumbnail","7":"category-workshopsepalestras"},"_links":{"self":[{"href":"https:\/\/tveventos.tv.br\/index.php?rest_route=\/wp\/v2\/posts\/3684","targetHints":{"allow":["GET"]}}],"collection":[{"href":"https:\/\/tveventos.tv.br\/index.php?rest_route=\/wp\/v2\/posts"}],"about":[{"href":"https:\/\/tveventos.tv.br\/index.php?rest_route=\/wp\/v2\/types\/post"}],"author":[{"embeddable":true,"href":"https:\/\/tveventos.tv.br\/index.php?rest_route=\/wp\/v2\/users\/2"}],"replies":[{"embeddable":true,"href":"https:\/\/tveventos.tv.br\/index.php?rest_route=%2Fwp%2Fv2%2Fcomments&post=3684"}],"version-history":[{"count":1,"href":"https:\/\/tveventos.tv.br\/index.php?rest_route=\/wp\/v2\/posts\/3684\/revisions"}],"predecessor-version":[{"id":3686,"href":"https:\/\/tveventos.tv.br\/index.php?rest_route=\/wp\/v2\/posts\/3684\/revisions\/3686"}],"wp:featuredmedia":[{"embeddable":true,"href":"https:\/\/tveventos.tv.br\/index.php?rest_route=\/wp\/v2\/media\/3685"}],"wp:attachment":[{"href":"https:\/\/tveventos.tv.br\/index.php?rest_route=%2Fwp%2Fv2%2Fmedia&parent=3684"}],"wp:term":[{"taxonomy":"category","embeddable":true,"href":"https:\/\/tveventos.tv.br\/index.php?rest_route=%2Fwp%2Fv2%2Fcategories&post=3684"},{"taxonomy":"post_tag","embeddable":true,"href":"https:\/\/tveventos.tv.br\/index.php?rest_route=%2Fwp%2Fv2%2Ftags&post=3684"}],"curies":[{"name":"wp","href":"https:\/\/api.w.org\/{rel}","templated":true}]}}