{"id":3687,"date":"2024-10-21T13:01:40","date_gmt":"2024-10-21T16:01:40","guid":{"rendered":"https:\/\/tveventos.tv.br\/?p=3687"},"modified":"2024-10-21T13:01:43","modified_gmt":"2024-10-21T16:01:43","slug":"33a-edicao-da-mercopar-renova-vocacao-de-fomentar-negocios-e-inovacao","status":"publish","type":"post","link":"https:\/\/tveventos.tv.br\/?p=3687","title":{"rendered":"33\u00aa edi\u00e7\u00e3o da Mercopar renova voca\u00e7\u00e3o de fomentar neg\u00f3cios e inova\u00e7\u00e3o"},"content":{"rendered":"\n<p class=\"has-text-align-center\"><em>Evento reuniu mais de 560 empresas que criaram conex\u00f5es e demonstraram as principais tend\u00eancias e solu\u00e7\u00f5es do segmento<\/em>.<\/p>\n\n\n\n<p>A maior feira de inova\u00e7\u00e3o industrial da Am\u00e9rica Latina renovou sua voca\u00e7\u00e3o de fomentar oportunidades de neg\u00f3cios e inova\u00e7\u00e3o em 2024. A Mercopar fechou sua 33\u00aa edi\u00e7\u00e3o na \u00faltima sexta-feira (18\/10) com a proje\u00e7\u00e3o de R$&nbsp;<strong>935&nbsp;<\/strong>milh\u00f5es em neg\u00f3cios. Com a \u00e1rea do Centro de Feiras e Eventos Festa da Uva, em Caxias do Sul (RS), completamente lotada, mais de 560 empresas criaram conex\u00f5es e demonstraram as principais tend\u00eancias e solu\u00e7\u00f5es do segmento durante quatro dias de programa\u00e7\u00e3o. Promovida pelo Sebrae RS em parceria com a Federa\u00e7\u00e3o das Ind\u00fastrias do Estado do Rio Grande do Sul (Fiergs), a feira j\u00e1 tem data confirmada para ocorrer em 2025: 14 a 17 de outubro.<\/p>\n\n\n\n<p>\u201cUm evento deste porte se mant\u00e9m ativo e relevante por sua for\u00e7a e voca\u00e7\u00e3o de gerar neg\u00f3cios e tornar a inova\u00e7\u00e3o algo cada vez mais acess\u00edvel a todas as empresas, pequenas, m\u00e9dias ou grandes\u201d, destaca o presidente do Conselho Deliberativo do Sebrae RS, Luiz Carlos Bohn.&nbsp;<\/p>\n\n\n\n<p>Segundo o dirigente, tanto para os expositores quanto para o p\u00fablico visitante, a gera\u00e7\u00e3o de valor \u00e9 o maior legado deixado pela Mercopar. \u201cQuem participa da Mercopar naturalmente deixa o evento com mais ferramentas para qualificar o seu neg\u00f3cio e, consequentemente, todo o ecossistema empreendedor em que atua. Ganham todos\u201d, resume.&nbsp;<\/p>\n\n\n\n<p>Entre participantes de segmentos como metalmec\u00e2nico, tecnologia da informa\u00e7\u00e3o, energia e meio ambiente, borracha, automa\u00e7\u00e3o industrial, pl\u00e1stico, eletroeletr\u00f4nico, movimenta\u00e7\u00e3o e armazenagem, al\u00e9m de startups, a Mercopar 2024 recebeu pequenas, m\u00e9dias e grandes empresas do Rio Grande do Sul e do Brasil \u2013 al\u00e9m de um expositor chin\u00eas.<\/p>\n\n\n\n<p>O evento atendeu ou superou as expectativas para 98,74% das empresas expositoras. Este ano, a feira recebeu 42.184 visitantes.<\/p>\n\n\n\n<p><strong>Rodadas de neg\u00f3cios<\/strong><\/p>\n\n\n\n<p>Considerada uma das principais rodadas de neg\u00f3cios do Pa\u00eds, o Projeto Comprador confirmou o seu protagonismo para a gera\u00e7\u00e3o de conex\u00f5es. Ao todo, foram realizadas 7.133 agendas que aproximaram 1.550 MPEs a 291 grandes players nacionais e internacionais de diferentes cadeias produtivas. O projeto gerou R$ 171 milh\u00f5es em neg\u00f3cios, considerando as rodadas presenciais, tanto nacionais quanto internacionais, e virtuais.<\/p>\n","protected":false},"excerpt":{"rendered":"<p>Evento reuniu mais de 560 empresas que criaram conex\u00f5es e demonstraram as principais tend\u00eancias e solu\u00e7\u00f5es do segmento. A maior feira de inova\u00e7\u00e3o industrial da Am\u00e9rica Latina renovou sua voca\u00e7\u00e3o de fomentar oportunidades de neg\u00f3cios e inova\u00e7\u00e3o em 2024. A Mercopar fechou sua 33\u00aa edi\u00e7\u00e3o na \u00faltima sexta-feira (18\/10) com a proje\u00e7\u00e3o de R$&nbsp;935&nbsp;milh\u00f5es em [&hellip;]<\/p>\n","protected":false},"author":2,"featured_media":3688,"comment_status":"open","ping_status":"open","sticky":false,"template":"","format":"standard","meta":{"footnotes":""},"categories":[23],"tags":[],"class_list":{"0":"post-3687","1":"post","2":"type-post","3":"status-publish","4":"format-standard","5":"has-post-thumbnail","7":"category-feirasdenegocios"},"_links":{"self":[{"href":"https:\/\/tveventos.tv.br\/index.php?rest_route=\/wp\/v2\/posts\/3687","targetHints":{"allow":["GET"]}}],"collection":[{"href":"https:\/\/tveventos.tv.br\/index.php?rest_route=\/wp\/v2\/posts"}],"about":[{"href":"https:\/\/tveventos.tv.br\/index.php?rest_route=\/wp\/v2\/types\/post"}],"author":[{"embeddable":true,"href":"https:\/\/tveventos.tv.br\/index.php?rest_route=\/wp\/v2\/users\/2"}],"replies":[{"embeddable":true,"href":"https:\/\/tveventos.tv.br\/index.php?rest_route=%2Fwp%2Fv2%2Fcomments&post=3687"}],"version-history":[{"count":1,"href":"https:\/\/tveventos.tv.br\/index.php?rest_route=\/wp\/v2\/posts\/3687\/revisions"}],"predecessor-version":[{"id":3689,"href":"https:\/\/tveventos.tv.br\/index.php?rest_route=\/wp\/v2\/posts\/3687\/revisions\/3689"}],"wp:featuredmedia":[{"embeddable":true,"href":"https:\/\/tveventos.tv.br\/index.php?rest_route=\/wp\/v2\/media\/3688"}],"wp:attachment":[{"href":"https:\/\/tveventos.tv.br\/index.php?rest_route=%2Fwp%2Fv2%2Fmedia&parent=3687"}],"wp:term":[{"taxonomy":"category","embeddable":true,"href":"https:\/\/tveventos.tv.br\/index.php?rest_route=%2Fwp%2Fv2%2Fcategories&post=3687"},{"taxonomy":"post_tag","embeddable":true,"href":"https:\/\/tveventos.tv.br\/index.php?rest_route=%2Fwp%2Fv2%2Ftags&post=3687"}],"curies":[{"name":"wp","href":"https:\/\/api.w.org\/{rel}","templated":true}]}}