{"id":3693,"date":"2024-10-21T15:34:32","date_gmt":"2024-10-21T18:34:32","guid":{"rendered":"https:\/\/tveventos.tv.br\/?p=3693"},"modified":"2024-10-21T15:34:35","modified_gmt":"2024-10-21T18:34:35","slug":"fenalaw","status":"publish","type":"post","link":"https:\/\/tveventos.tv.br\/?p=3693","title":{"rendered":"Fenalaw"},"content":{"rendered":"\n<p>A Fenalaw \u00e9 uma feira que celebra 20 anos no mercado jur\u00eddico, adaptando-se \u00e0s r\u00e1pidas mudan\u00e7as do setor. O evento se destaca por trazer inova\u00e7\u00f5es, novos conte\u00fados e um aumento no n\u00famero de palestrantes, consolidando-se como um importante ponto de encontro para o ecossistema jur\u00eddico. A Fenalaw tamb\u00e9m oferece uma plataforma de conte\u00fado chamada FenalawLab, focada em gest\u00e3o jur\u00eddica. Com uma \u00e1rea de 1.000 m\u00b2, a feira re\u00fane mais de 100 marcas nacionais e internacionais que apresentam produtos e tecnologias, promovendo um espa\u00e7o para aprofundar discuss\u00f5es sobre gest\u00e3o jur\u00eddica e repensar modelos de atua\u00e7\u00e3o.<\/p>\n\n\n\n<p>Junte-se a n\u00f3s nos dias 23 a 25 de outubro das 10h \u00e0s 20h, no Centro de Conven\u00e7\u00f5es Frei Caneca.<\/p>\n\n\n\n<p>Endere\u00e7o: Rua Frei Caneca 569, S\u00e3o Paulo, SP, 01307-001&nbsp;&nbsp;&nbsp;<\/p>\n","protected":false},"excerpt":{"rendered":"<p>A Fenalaw \u00e9 uma feira que celebra 20 anos no mercado jur\u00eddico, adaptando-se \u00e0s r\u00e1pidas mudan\u00e7as do setor. O evento se destaca por trazer inova\u00e7\u00f5es, novos conte\u00fados e um aumento no n\u00famero de palestrantes, consolidando-se como um importante ponto de encontro para o ecossistema jur\u00eddico. A Fenalaw tamb\u00e9m oferece uma plataforma de conte\u00fado chamada FenalawLab, [&hellip;]<\/p>\n","protected":false},"author":3,"featured_media":3694,"comment_status":"open","ping_status":"open","sticky":false,"template":"","format":"standard","meta":{"footnotes":""},"categories":[25],"tags":[],"class_list":{"0":"post-3693","1":"post","2":"type-post","3":"status-publish","4":"format-standard","5":"has-post-thumbnail","7":"category-calendariodeeventos"},"_links":{"self":[{"href":"https:\/\/tveventos.tv.br\/index.php?rest_route=\/wp\/v2\/posts\/3693","targetHints":{"allow":["GET"]}}],"collection":[{"href":"https:\/\/tveventos.tv.br\/index.php?rest_route=\/wp\/v2\/posts"}],"about":[{"href":"https:\/\/tveventos.tv.br\/index.php?rest_route=\/wp\/v2\/types\/post"}],"author":[{"embeddable":true,"href":"https:\/\/tveventos.tv.br\/index.php?rest_route=\/wp\/v2\/users\/3"}],"replies":[{"embeddable":true,"href":"https:\/\/tveventos.tv.br\/index.php?rest_route=%2Fwp%2Fv2%2Fcomments&post=3693"}],"version-history":[{"count":1,"href":"https:\/\/tveventos.tv.br\/index.php?rest_route=\/wp\/v2\/posts\/3693\/revisions"}],"predecessor-version":[{"id":3695,"href":"https:\/\/tveventos.tv.br\/index.php?rest_route=\/wp\/v2\/posts\/3693\/revisions\/3695"}],"wp:featuredmedia":[{"embeddable":true,"href":"https:\/\/tveventos.tv.br\/index.php?rest_route=\/wp\/v2\/media\/3694"}],"wp:attachment":[{"href":"https:\/\/tveventos.tv.br\/index.php?rest_route=%2Fwp%2Fv2%2Fmedia&parent=3693"}],"wp:term":[{"taxonomy":"category","embeddable":true,"href":"https:\/\/tveventos.tv.br\/index.php?rest_route=%2Fwp%2Fv2%2Fcategories&post=3693"},{"taxonomy":"post_tag","embeddable":true,"href":"https:\/\/tveventos.tv.br\/index.php?rest_route=%2Fwp%2Fv2%2Ftags&post=3693"}],"curies":[{"name":"wp","href":"https:\/\/api.w.org\/{rel}","templated":true}]}}