{"id":3696,"date":"2024-10-21T15:41:34","date_gmt":"2024-10-21T18:41:34","guid":{"rendered":"https:\/\/tveventos.tv.br\/?p=3696"},"modified":"2024-10-21T15:41:37","modified_gmt":"2024-10-21T18:41:37","slug":"chro","status":"publish","type":"post","link":"https:\/\/tveventos.tv.br\/?p=3696","title":{"rendered":"CHRO"},"content":{"rendered":"\n<p>O CHRO F\u00f3rum, organizado pela ABRH-SP, \u00e9 um evento voltado para profissionais de Recursos Humanos, agora em sua 4\u00aa edi\u00e7\u00e3o e ampliado para incluir uma Confer\u00eancia e uma Expo. Com a expectativa de atrair cerca de 1.000 participantes, o evento oferece uma experi\u00eancia enriquecedora, com palestrantes renomados que compartilham insights sobre as tend\u00eancias e inova\u00e7\u00f5es no setor de RH. Al\u00e9m das palestras, a Expo interativa proporciona oportunidades de networking e acesso \u00e0s mais recentes solu\u00e7\u00f5es e tecnologias. O objetivo \u00e9 promover uma jornada transformadora rumo ao futuro do RH.<\/p>\n\n\n\n<p>Junte-se a n\u00f3s nos dias 24 e 25 de outubro das 08h \u00e0s 18h, no Pro Magno.<\/p>\n\n\n\n<p>Endere\u00e7o: Avenida Professora Ida Kolb 513, S\u00e3o Paulo, S\u00e3o Paulo, 02518-000&nbsp;<\/p>\n","protected":false},"excerpt":{"rendered":"<p>O CHRO F\u00f3rum, organizado pela ABRH-SP, \u00e9 um evento voltado para profissionais de Recursos Humanos, agora em sua 4\u00aa edi\u00e7\u00e3o e ampliado para incluir uma Confer\u00eancia e uma Expo. Com a expectativa de atrair cerca de 1.000 participantes, o evento oferece uma experi\u00eancia enriquecedora, com palestrantes renomados que compartilham insights sobre as tend\u00eancias e inova\u00e7\u00f5es [&hellip;]<\/p>\n","protected":false},"author":3,"featured_media":3697,"comment_status":"open","ping_status":"open","sticky":false,"template":"","format":"standard","meta":{"footnotes":""},"categories":[25],"tags":[],"class_list":{"0":"post-3696","1":"post","2":"type-post","3":"status-publish","4":"format-standard","5":"has-post-thumbnail","7":"category-calendariodeeventos"},"_links":{"self":[{"href":"https:\/\/tveventos.tv.br\/index.php?rest_route=\/wp\/v2\/posts\/3696","targetHints":{"allow":["GET"]}}],"collection":[{"href":"https:\/\/tveventos.tv.br\/index.php?rest_route=\/wp\/v2\/posts"}],"about":[{"href":"https:\/\/tveventos.tv.br\/index.php?rest_route=\/wp\/v2\/types\/post"}],"author":[{"embeddable":true,"href":"https:\/\/tveventos.tv.br\/index.php?rest_route=\/wp\/v2\/users\/3"}],"replies":[{"embeddable":true,"href":"https:\/\/tveventos.tv.br\/index.php?rest_route=%2Fwp%2Fv2%2Fcomments&post=3696"}],"version-history":[{"count":1,"href":"https:\/\/tveventos.tv.br\/index.php?rest_route=\/wp\/v2\/posts\/3696\/revisions"}],"predecessor-version":[{"id":3698,"href":"https:\/\/tveventos.tv.br\/index.php?rest_route=\/wp\/v2\/posts\/3696\/revisions\/3698"}],"wp:featuredmedia":[{"embeddable":true,"href":"https:\/\/tveventos.tv.br\/index.php?rest_route=\/wp\/v2\/media\/3697"}],"wp:attachment":[{"href":"https:\/\/tveventos.tv.br\/index.php?rest_route=%2Fwp%2Fv2%2Fmedia&parent=3696"}],"wp:term":[{"taxonomy":"category","embeddable":true,"href":"https:\/\/tveventos.tv.br\/index.php?rest_route=%2Fwp%2Fv2%2Fcategories&post=3696"},{"taxonomy":"post_tag","embeddable":true,"href":"https:\/\/tveventos.tv.br\/index.php?rest_route=%2Fwp%2Fv2%2Ftags&post=3696"}],"curies":[{"name":"wp","href":"https:\/\/api.w.org\/{rel}","templated":true}]}}