{"id":3702,"date":"2024-10-21T15:53:58","date_gmt":"2024-10-21T18:53:58","guid":{"rendered":"https:\/\/tveventos.tv.br\/?p=3702"},"modified":"2024-10-21T15:54:01","modified_gmt":"2024-10-21T18:54:01","slug":"expo-africa-brasil","status":"publish","type":"post","link":"https:\/\/tveventos.tv.br\/?p=3702","title":{"rendered":"Expo \u00c1frica Brasil\u00a0"},"content":{"rendered":"\n<p>A Expo \u00c1frica Brasil \u00e9 o primeiro e maior evento da Am\u00e9rica Latina dedicado \u00e0 promo\u00e7\u00e3o comercial de empresas africanas em diversos setores. O evento destaca a cultura, arte e educa\u00e7\u00e3o dos pa\u00edses africanos, reunindo profissionais e artistas para mostrar a diversidade cultural e o talento do continente. Al\u00e9m de facilitar conex\u00f5es de neg\u00f3cios entre \u00c1frica e Brasil, a Expo busca atrair investidores nacionais e internacionais para os pa\u00edses africanos, fortalecendo as rela\u00e7\u00f5es comerciais e promovendo oportunidades de neg\u00f3cios na regi\u00e3o.<\/p>\n\n\n\n<p>Junte-se a n\u00f3s nos dias 25 e 26 de outubro das 12h \u00e0s 19h, no Expo Center Norte.<\/p>\n\n\n\n<p>Endere\u00e7o: Rua Jos\u00e9 Bernardo Pinto 333, S\u00e3o Paulo, SP, 02055-000&nbsp;<\/p>\n","protected":false},"excerpt":{"rendered":"<p>A Expo \u00c1frica Brasil \u00e9 o primeiro e maior evento da Am\u00e9rica Latina dedicado \u00e0 promo\u00e7\u00e3o comercial de empresas africanas em diversos setores. O evento destaca a cultura, arte e educa\u00e7\u00e3o dos pa\u00edses africanos, reunindo profissionais e artistas para mostrar a diversidade cultural e o talento do continente. Al\u00e9m de facilitar conex\u00f5es de neg\u00f3cios entre [&hellip;]<\/p>\n","protected":false},"author":3,"featured_media":3703,"comment_status":"open","ping_status":"open","sticky":false,"template":"","format":"standard","meta":{"footnotes":""},"categories":[25],"tags":[],"class_list":{"0":"post-3702","1":"post","2":"type-post","3":"status-publish","4":"format-standard","5":"has-post-thumbnail","7":"category-calendariodeeventos"},"_links":{"self":[{"href":"https:\/\/tveventos.tv.br\/index.php?rest_route=\/wp\/v2\/posts\/3702","targetHints":{"allow":["GET"]}}],"collection":[{"href":"https:\/\/tveventos.tv.br\/index.php?rest_route=\/wp\/v2\/posts"}],"about":[{"href":"https:\/\/tveventos.tv.br\/index.php?rest_route=\/wp\/v2\/types\/post"}],"author":[{"embeddable":true,"href":"https:\/\/tveventos.tv.br\/index.php?rest_route=\/wp\/v2\/users\/3"}],"replies":[{"embeddable":true,"href":"https:\/\/tveventos.tv.br\/index.php?rest_route=%2Fwp%2Fv2%2Fcomments&post=3702"}],"version-history":[{"count":1,"href":"https:\/\/tveventos.tv.br\/index.php?rest_route=\/wp\/v2\/posts\/3702\/revisions"}],"predecessor-version":[{"id":3704,"href":"https:\/\/tveventos.tv.br\/index.php?rest_route=\/wp\/v2\/posts\/3702\/revisions\/3704"}],"wp:featuredmedia":[{"embeddable":true,"href":"https:\/\/tveventos.tv.br\/index.php?rest_route=\/wp\/v2\/media\/3703"}],"wp:attachment":[{"href":"https:\/\/tveventos.tv.br\/index.php?rest_route=%2Fwp%2Fv2%2Fmedia&parent=3702"}],"wp:term":[{"taxonomy":"category","embeddable":true,"href":"https:\/\/tveventos.tv.br\/index.php?rest_route=%2Fwp%2Fv2%2Fcategories&post=3702"},{"taxonomy":"post_tag","embeddable":true,"href":"https:\/\/tveventos.tv.br\/index.php?rest_route=%2Fwp%2Fv2%2Ftags&post=3702"}],"curies":[{"name":"wp","href":"https:\/\/api.w.org\/{rel}","templated":true}]}}