{"id":3705,"date":"2024-10-21T16:00:31","date_gmt":"2024-10-21T19:00:31","guid":{"rendered":"https:\/\/tveventos.tv.br\/?p=3705"},"modified":"2024-10-21T16:00:33","modified_gmt":"2024-10-21T19:00:33","slug":"abs-con","status":"publish","type":"post","link":"https:\/\/tveventos.tv.br\/?p=3705","title":{"rendered":"ABS CON"},"content":{"rendered":"\n<p>A ABS CON 24 \u00e9 um evento voltado para contadores que desejam expandir seus neg\u00f3cios e aumentar a rentabilidade de seus escrit\u00f3rios de contabilidade. O encontro oferece a oportunidade de explorar novas estrat\u00e9gias, tend\u00eancias e ferramentas inovadoras, al\u00e9m de promover networking valioso. \u00c9 ideal para contadores que buscam crescimento e transforma\u00e7\u00e3o em suas pr\u00e1ticas profissionais.<\/p>\n\n\n\n<p>Junte-se a n\u00f3s nos dias 29 e 30 de outubro \u00e0s 9h, no Pro Magno.<\/p>\n\n\n\n<p>Endere\u00e7o: Avenida Professora Ida Kolb 513, S\u00e3o Paulo, S\u00e3o Paulo, 02518-000&nbsp;<\/p>\n","protected":false},"excerpt":{"rendered":"<p>A ABS CON 24 \u00e9 um evento voltado para contadores que desejam expandir seus neg\u00f3cios e aumentar a rentabilidade de seus escrit\u00f3rios de contabilidade. O encontro oferece a oportunidade de explorar novas estrat\u00e9gias, tend\u00eancias e ferramentas inovadoras, al\u00e9m de promover networking valioso. \u00c9 ideal para contadores que buscam crescimento e transforma\u00e7\u00e3o em suas pr\u00e1ticas profissionais. [&hellip;]<\/p>\n","protected":false},"author":3,"featured_media":3706,"comment_status":"open","ping_status":"open","sticky":false,"template":"","format":"standard","meta":{"footnotes":""},"categories":[25],"tags":[],"class_list":{"0":"post-3705","1":"post","2":"type-post","3":"status-publish","4":"format-standard","5":"has-post-thumbnail","7":"category-calendariodeeventos"},"_links":{"self":[{"href":"https:\/\/tveventos.tv.br\/index.php?rest_route=\/wp\/v2\/posts\/3705","targetHints":{"allow":["GET"]}}],"collection":[{"href":"https:\/\/tveventos.tv.br\/index.php?rest_route=\/wp\/v2\/posts"}],"about":[{"href":"https:\/\/tveventos.tv.br\/index.php?rest_route=\/wp\/v2\/types\/post"}],"author":[{"embeddable":true,"href":"https:\/\/tveventos.tv.br\/index.php?rest_route=\/wp\/v2\/users\/3"}],"replies":[{"embeddable":true,"href":"https:\/\/tveventos.tv.br\/index.php?rest_route=%2Fwp%2Fv2%2Fcomments&post=3705"}],"version-history":[{"count":1,"href":"https:\/\/tveventos.tv.br\/index.php?rest_route=\/wp\/v2\/posts\/3705\/revisions"}],"predecessor-version":[{"id":3707,"href":"https:\/\/tveventos.tv.br\/index.php?rest_route=\/wp\/v2\/posts\/3705\/revisions\/3707"}],"wp:featuredmedia":[{"embeddable":true,"href":"https:\/\/tveventos.tv.br\/index.php?rest_route=\/wp\/v2\/media\/3706"}],"wp:attachment":[{"href":"https:\/\/tveventos.tv.br\/index.php?rest_route=%2Fwp%2Fv2%2Fmedia&parent=3705"}],"wp:term":[{"taxonomy":"category","embeddable":true,"href":"https:\/\/tveventos.tv.br\/index.php?rest_route=%2Fwp%2Fv2%2Fcategories&post=3705"},{"taxonomy":"post_tag","embeddable":true,"href":"https:\/\/tveventos.tv.br\/index.php?rest_route=%2Fwp%2Fv2%2Ftags&post=3705"}],"curies":[{"name":"wp","href":"https:\/\/api.w.org\/{rel}","templated":true}]}}