{"id":3708,"date":"2024-10-21T16:06:31","date_gmt":"2024-10-21T19:06:31","guid":{"rendered":"https:\/\/tveventos.tv.br\/?p=3708"},"modified":"2024-10-21T16:06:34","modified_gmt":"2024-10-21T19:06:34","slug":"svwc","status":"publish","type":"post","link":"https:\/\/tveventos.tv.br\/?p=3708","title":{"rendered":"SVWC"},"content":{"rendered":"\n<p>O evento SVWC, intitulado &#8220;A Era das Revolu\u00e7\u00f5es Simult\u00e2neas&#8221;, re\u00fane algumas das maiores mentes e empresas do mundo para discutir as transforma\u00e7\u00f5es que est\u00e3o moldando o futuro dos neg\u00f3cios e das carreiras. Os participantes ter\u00e3o a oportunidade de aprender sobre inova\u00e7\u00f5es e tend\u00eancias emergentes que podem redefinir suas estrat\u00e9gias e pr\u00e1ticas. O foco \u00e9 inspirar e equipar os profissionais com insights valiosos para enfrentar os desafios e aproveitar as oportunidades dos pr\u00f3ximos meses.<\/p>\n\n\n\n<p>Junte-se a n\u00f3s no dia 30 de outubro das 09h \u00e0s 19h, no Centro de Conven\u00e7\u00f5es Frei Caneca.<\/p>\n\n\n\n<p>Endere\u00e7o: Rua Frei Caneca 569, S\u00e3o Paulo, SP, 01307-001&nbsp;&nbsp;&nbsp;<\/p>\n","protected":false},"excerpt":{"rendered":"<p>O evento SVWC, intitulado &#8220;A Era das Revolu\u00e7\u00f5es Simult\u00e2neas&#8221;, re\u00fane algumas das maiores mentes e empresas do mundo para discutir as transforma\u00e7\u00f5es que est\u00e3o moldando o futuro dos neg\u00f3cios e das carreiras. Os participantes ter\u00e3o a oportunidade de aprender sobre inova\u00e7\u00f5es e tend\u00eancias emergentes que podem redefinir suas estrat\u00e9gias e pr\u00e1ticas. O foco \u00e9 inspirar [&hellip;]<\/p>\n","protected":false},"author":3,"featured_media":3709,"comment_status":"open","ping_status":"open","sticky":false,"template":"","format":"standard","meta":{"footnotes":""},"categories":[25],"tags":[],"class_list":{"0":"post-3708","1":"post","2":"type-post","3":"status-publish","4":"format-standard","5":"has-post-thumbnail","7":"category-calendariodeeventos"},"_links":{"self":[{"href":"https:\/\/tveventos.tv.br\/index.php?rest_route=\/wp\/v2\/posts\/3708","targetHints":{"allow":["GET"]}}],"collection":[{"href":"https:\/\/tveventos.tv.br\/index.php?rest_route=\/wp\/v2\/posts"}],"about":[{"href":"https:\/\/tveventos.tv.br\/index.php?rest_route=\/wp\/v2\/types\/post"}],"author":[{"embeddable":true,"href":"https:\/\/tveventos.tv.br\/index.php?rest_route=\/wp\/v2\/users\/3"}],"replies":[{"embeddable":true,"href":"https:\/\/tveventos.tv.br\/index.php?rest_route=%2Fwp%2Fv2%2Fcomments&post=3708"}],"version-history":[{"count":1,"href":"https:\/\/tveventos.tv.br\/index.php?rest_route=\/wp\/v2\/posts\/3708\/revisions"}],"predecessor-version":[{"id":3710,"href":"https:\/\/tveventos.tv.br\/index.php?rest_route=\/wp\/v2\/posts\/3708\/revisions\/3710"}],"wp:featuredmedia":[{"embeddable":true,"href":"https:\/\/tveventos.tv.br\/index.php?rest_route=\/wp\/v2\/media\/3709"}],"wp:attachment":[{"href":"https:\/\/tveventos.tv.br\/index.php?rest_route=%2Fwp%2Fv2%2Fmedia&parent=3708"}],"wp:term":[{"taxonomy":"category","embeddable":true,"href":"https:\/\/tveventos.tv.br\/index.php?rest_route=%2Fwp%2Fv2%2Fcategories&post=3708"},{"taxonomy":"post_tag","embeddable":true,"href":"https:\/\/tveventos.tv.br\/index.php?rest_route=%2Fwp%2Fv2%2Ftags&post=3708"}],"curies":[{"name":"wp","href":"https:\/\/api.w.org\/{rel}","templated":true}]}}