{"id":3711,"date":"2024-10-22T10:29:45","date_gmt":"2024-10-22T13:29:45","guid":{"rendered":"https:\/\/tveventos.tv.br\/?p=3711"},"modified":"2024-10-22T10:29:49","modified_gmt":"2024-10-22T13:29:49","slug":"7o-congresso-latino-americano-de-steel-frame-construcao-industrializada-destaca-inovacoes-e-sustentabilidade-na-construcao-a-seco","status":"publish","type":"post","link":"https:\/\/tveventos.tv.br\/?p=3711","title":{"rendered":"7\u00ba Congresso Latino-Americano de Steel Frame &#038; Constru\u00e7\u00e3o Industrializada destaca inova\u00e7\u00f5es e sustentabilidade na constru\u00e7\u00e3o a seco"},"content":{"rendered":"\n<p class=\"has-text-align-center\"><em>Evento em 24 e 25 de outubro no Distrito Anhembi abordar\u00e1 as mais recentes solu\u00e7\u00f5es tecnol\u00f3gicas para a industrializa\u00e7\u00e3o da constru\u00e7\u00e3o civil<\/em>.<\/p>\n\n\n\n<p>Nos dias 24 e 25\/10, o Distrito Anhembi, o maior centro de conven\u00e7\u00f5es da Am\u00e9rica Latina, receber\u00e1 o 7\u00ba Congresso Latino-Americano de Steel Frame &amp; Constru\u00e7\u00e3o Industrializada, evento que reunir\u00e1 especialistas para debater os avan\u00e7os na constru\u00e7\u00e3o a seco e na industrializa\u00e7\u00e3o do setor. O congresso trar\u00e1 palestras, pain\u00e9is e uma, Exposi\u00e7\u00e3o com as mais importantes industrias e fornecedores do setor proporcionando aos participantes uma imers\u00e3o nas novas tecnologias que est\u00e3o moldando o futuro da constru\u00e7\u00e3o civil.<\/p>\n\n\n\n<p>A constru\u00e7\u00e3o a seco;&nbsp; steel e wood frame e a constru\u00e7\u00e3o modular, tem se destacado como uma solu\u00e7\u00e3o eficiente e sustent\u00e1vel para diversos tipos de edifica\u00e7\u00f5es, desde residenciais at\u00e9 grandes projetos comerciais e industriais. S\u00e3o sistemas construtivos&nbsp; que oferecem&nbsp; velocidade de execu\u00e7\u00e3o, economia de recursos e um impacto ambiental reduzido, ao eliminar o uso de \u00e1gua e reduzir o desperd\u00edcio de materiais. Segundo Luana Carregari, diretora do 7\u00ba Congresso Latino-Americano de Steel Frame, os avan\u00e7os no setor s\u00e3o not\u00e1veis.<\/p>\n\n\n\n<p>\u201cA cada edi\u00e7\u00e3o do nosso evento, percebemos a crescente incorpora\u00e7\u00e3o de materiais mais leves e dur\u00e1veis, al\u00e9m de novas tecnologias, como a automa\u00e7\u00e3o e softwares avan\u00e7ados de modelagem, que est\u00e3o transformando como projetamos e executamos obras. Essas inova\u00e7\u00f5es garantem maior precis\u00e3o, controle de qualidade, produtividade&nbsp; e efici\u00eancia no uso dos recursos&#8221;, afirma.<\/p>\n\n\n\n<p>Dionyzio Klavdianos, especialista na industrializa\u00e7\u00e3o da constru\u00e7\u00e3o civil, refor\u00e7a a urg\u00eancia do tema.<\/p>\n\n\n\n<p>\u201cNos \u00faltimos anos, a industrializa\u00e7\u00e3o no setor ganhou destaque, mas ainda h\u00e1 desafios para que a integra\u00e7\u00e3o de sistemas construtivos inovadores ocorra de forma mais r\u00e1pida e acess\u00edvel. A falta de uma plataforma industrial consolidada, como a que ser\u00e1 lan\u00e7ada em 2025 pela C\u00e2mara Brasileira da Ind\u00fastria da Constru\u00e7\u00e3o (CBIC), pode limitar a redu\u00e7\u00e3o de custos e a produtividade. A constru\u00e7\u00e3o industrializada \u00e9 o futuro do setor, e precisamos garantir que ela beneficie toda a popula\u00e7\u00e3o\u201d, disse.<\/p>\n\n\n\n<p>Jos\u00e9 Carlos Martins, presidente do Conselho da CBIC, destaca as mudan\u00e7as recentes que favorecem essa transforma\u00e7\u00e3o.<\/p>\n\n\n\n<p>\u201cA reforma tribut\u00e1ria, as pr\u00e1ticas ESG (Ambiental, Social e Governan\u00e7a) e a moderniza\u00e7\u00e3o da m\u00e3o de obra est\u00e3o impulsionando a industrializa\u00e7\u00e3o da constru\u00e7\u00e3o civil. A nova tributa\u00e7\u00e3o, que aplica taxas sobre a agrega\u00e7\u00e3o de valor, promove condi\u00e7\u00f5es mais justas entre a constru\u00e7\u00e3o tradicional e a industrializada, ao mesmo tempo que combate a informalidade&#8221;, relata.<\/p>\n\n\n\n<p>No estado de S\u00e3o Paulo, a industrializa\u00e7\u00e3o tamb\u00e9m \u00e9 vista como uma solu\u00e7\u00e3o para o d\u00e9ficit habitacional. De acordo com Maria Teresa Diniz, diretora de Projetos e Programas da CDHU, a ado\u00e7\u00e3o de sistemas construtivos industrializados \u00e9 essencial para atender a demanda por novas moradias e urbaniza\u00e7\u00e3o de \u00e1reas carentes: \u201cA utiliza\u00e7\u00e3o de sistemas mais r\u00e1pidos e eficientes permitir\u00e1 que o estado atinja suas metas habitacionais com mais agilidade, beneficiando milhares de fam\u00edlias\u201d.<\/p>\n\n\n\n<p>O evento \u00e9 uma oportunidade para profissionais e empresas do setor conhecerem de perto essas inova\u00e7\u00f5es e trocarem experi\u00eancias. Al\u00e9m das palestras, a 7\u00aa Expo Experience de Constru\u00e7\u00e3o Industrializada reunir\u00e1 os principais players do mercado, com foco em novas solu\u00e7\u00f5es para enfrentar os desafios econ\u00f4micos e ambientais da constru\u00e7\u00e3o moderna.<\/p>\n\n\n\n<p>Para mais informa\u00e7\u00f5es sobre o evento e inscri\u00e7\u00f5es, acesse:&nbsp;<a href=\"http:\/\/www.congressosteelframe.com.br\/\">www.congressosteelframe.com.br<\/a>.&nbsp;<\/p>\n\n\n\n<p><strong>Servi\u00e7o<\/strong><\/p>\n\n\n\n<p>O que: 7\u00ba Congresso Latino-Americano de Steel Frame &amp; Constru\u00e7\u00e3o Industrializada; 7\u00aa Expo Experience de Constru\u00e7\u00e3o Industrializada<\/p>\n\n\n\n<p>Quando: dias 24 e 25 de outubro<\/p>\n\n\n\n<p>Onde: Distrito Anhembi<\/p>\n\n\n\n<p>Realiza\u00e7\u00e3o: Take Comunica\u00e7\u00e3o e Eventos (55 11 98559-5353)<\/p>\n\n\n\n<p>Contato: atendimento@congressosteelframe.com.br<\/p>\n","protected":false},"excerpt":{"rendered":"<p>Evento em 24 e 25 de outubro no Distrito Anhembi abordar\u00e1 as mais recentes solu\u00e7\u00f5es tecnol\u00f3gicas para a industrializa\u00e7\u00e3o da constru\u00e7\u00e3o civil. Nos dias 24 e 25\/10, o Distrito Anhembi, o maior centro de conven\u00e7\u00f5es da Am\u00e9rica Latina, receber\u00e1 o 7\u00ba Congresso Latino-Americano de Steel Frame &amp; Constru\u00e7\u00e3o Industrializada, evento que reunir\u00e1 especialistas para debater [&hellip;]<\/p>\n","protected":false},"author":2,"featured_media":3712,"comment_status":"open","ping_status":"open","sticky":false,"template":"","format":"standard","meta":{"footnotes":""},"categories":[23],"tags":[],"class_list":{"0":"post-3711","1":"post","2":"type-post","3":"status-publish","4":"format-standard","5":"has-post-thumbnail","7":"category-feirasdenegocios"},"_links":{"self":[{"href":"https:\/\/tveventos.tv.br\/index.php?rest_route=\/wp\/v2\/posts\/3711","targetHints":{"allow":["GET"]}}],"collection":[{"href":"https:\/\/tveventos.tv.br\/index.php?rest_route=\/wp\/v2\/posts"}],"about":[{"href":"https:\/\/tveventos.tv.br\/index.php?rest_route=\/wp\/v2\/types\/post"}],"author":[{"embeddable":true,"href":"https:\/\/tveventos.tv.br\/index.php?rest_route=\/wp\/v2\/users\/2"}],"replies":[{"embeddable":true,"href":"https:\/\/tveventos.tv.br\/index.php?rest_route=%2Fwp%2Fv2%2Fcomments&post=3711"}],"version-history":[{"count":1,"href":"https:\/\/tveventos.tv.br\/index.php?rest_route=\/wp\/v2\/posts\/3711\/revisions"}],"predecessor-version":[{"id":3713,"href":"https:\/\/tveventos.tv.br\/index.php?rest_route=\/wp\/v2\/posts\/3711\/revisions\/3713"}],"wp:featuredmedia":[{"embeddable":true,"href":"https:\/\/tveventos.tv.br\/index.php?rest_route=\/wp\/v2\/media\/3712"}],"wp:attachment":[{"href":"https:\/\/tveventos.tv.br\/index.php?rest_route=%2Fwp%2Fv2%2Fmedia&parent=3711"}],"wp:term":[{"taxonomy":"category","embeddable":true,"href":"https:\/\/tveventos.tv.br\/index.php?rest_route=%2Fwp%2Fv2%2Fcategories&post=3711"},{"taxonomy":"post_tag","embeddable":true,"href":"https:\/\/tveventos.tv.br\/index.php?rest_route=%2Fwp%2Fv2%2Ftags&post=3711"}],"curies":[{"name":"wp","href":"https:\/\/api.w.org\/{rel}","templated":true}]}}