{"id":3714,"date":"2024-10-22T10:38:59","date_gmt":"2024-10-22T13:38:59","guid":{"rendered":"https:\/\/tveventos.tv.br\/?p=3714"},"modified":"2024-10-22T10:40:14","modified_gmt":"2024-10-22T13:40:14","slug":"bijoias-promove-a-104a-edicao-e-demonstra-sua-importancia-para-o-segmento-de-semijoias-e-acessorios","status":"publish","type":"post","link":"https:\/\/tveventos.tv.br\/?p=3714","title":{"rendered":"BIJOIAS promove a 104\u00aa edi\u00e7\u00e3o e demonstra sua import\u00e2ncia para o segmento de semijoias e acess\u00f3rios"},"content":{"rendered":"\n<p>A 104\u00aa edi\u00e7\u00e3o da&nbsp;<strong>BIJOIAS<\/strong>, a maior e mais representativa feira de neg\u00f3cios de acess\u00f3rios, bijuterias e semijoias da Am\u00e9rica Latina, que acontecer\u00e1 nos dias 5 e 6 de novembro, no Centro de Conven\u00e7\u00f5es do Shopping Frei Caneca, em S\u00e3o Paulo, apresentar\u00e1 lan\u00e7amentos exclusivos para receber 2025 com muita luminosidade e estilo.<\/p>\n\n\n\n<p>\u201cA feira se consolidou ao longo dos anos como uma plataforma essencial para conectar marcas, designers e varejistas, promovendo o fortalecimento e a inova\u00e7\u00e3o do mercado, que vai al\u00e9m de uma simples exposi\u00e7\u00e3o de produtos; ela cria um espa\u00e7o estrat\u00e9gico para impulsionar neg\u00f3cios e fomentar o networking em um setor din\u00e2mico e altamente competitivo\u201d, explica Vera Masi, empres\u00e1ria e idealizadora do Evento.<\/p>\n\n\n\n<p>Ela funciona como um catalisador para o crescimento econ\u00f4mico do segmento, ao oferecer uma vitrine para marcas emergentes, conceituados designers e tradicionais players do setor. Com um p\u00fablico diversificado e voltado para neg\u00f3cios, o evento atrai lojistas, compradores e profissionais de moda de todo o Brasil e da Am\u00e9rica Latina, possibilitando que novidades e cria\u00e7\u00f5es ganhem visibilidade imediata no mercado.<\/p>\n\n\n\n<p>Uma das raz\u00f5es que torna a BIJOIAS essencial para Expositores, compradores e profissionais do setor \u00e9 a intera\u00e7\u00e3o direta que a feira promove entre os diversos elos da cadeia produtiva. Para os Expositores, \u00e9 uma oportunidade \u00fanica de expandir suas redes de contatos, firmar parcerias e obter feedback imediato de compradores e profissionais. Para lojistas e profissionais, o Evento oferece acesso a uma ampla variedade de produtos, desde semijoias de luxo at\u00e9 acess\u00f3rios e bijuterias para o dia a dia, permitindo uma curadoria mais assertiva para seus neg\u00f3cios.<\/p>\n\n\n\n<p>Outro ponto relevante \u00e9 o impacto econ\u00f4mico. \u201cNa \u00faltima edi\u00e7\u00e3o, mais de 2.600 pessoas visitaram a feira e, para a pr\u00f3xima edi\u00e7\u00e3o, a expectativa \u00e9 maior ainda por ser a edi\u00e7\u00e3o que antecede o Natal e as festas de fim de ano. \u201cA miss\u00e3o da&nbsp;<strong>BIJOIAS<\/strong>&nbsp;\u00e9 conectar o Expositor, que quer vender, com o lojista, que quer comprar, promovendo o crescimento das marcas e movimentando toda a cadeia de produ\u00e7\u00e3o, do design \u00e0 distribui\u00e7\u00e3o\u201d, diz a empres\u00e1ria.<\/p>\n\n\n\n<p>Com uma curadoria atenta \u00e0s mudan\u00e7as do comportamento do consumidor, a&nbsp;<strong>BIJOIAS<\/strong>&nbsp;tamb\u00e9m tem se adaptado \u00e0s novas demandas por sustentabilidade e inclus\u00e3o no setor. Cada vez mais, designers e marcas est\u00e3o incorporando materiais sustent\u00e1veis, pr\u00e1ticas de produ\u00e7\u00e3o \u00e9tica e cole\u00e7\u00f5es que dialogam com a diversidade e a inclus\u00e3o. \u201cA feira, ao dar espa\u00e7o para essas iniciativas, reflete as transforma\u00e7\u00f5es sociais e culturais que afetam o mercado de moda e acess\u00f3rios, mostrando que est\u00e1 alinhada com os valores contempor\u00e2neos\u201d, finaliza Vera Masi.<\/p>\n","protected":false},"excerpt":{"rendered":"<p>A 104\u00aa edi\u00e7\u00e3o da&nbsp;BIJOIAS, a maior e mais representativa feira de neg\u00f3cios de acess\u00f3rios, bijuterias e semijoias da Am\u00e9rica Latina, que acontecer\u00e1 nos dias 5 e 6 de novembro, no Centro de Conven\u00e7\u00f5es do Shopping Frei Caneca, em S\u00e3o Paulo, apresentar\u00e1 lan\u00e7amentos exclusivos para receber 2025 com muita luminosidade e estilo. \u201cA feira se consolidou [&hellip;]<\/p>\n","protected":false},"author":2,"featured_media":3717,"comment_status":"open","ping_status":"open","sticky":false,"template":"","format":"standard","meta":{"footnotes":""},"categories":[23],"tags":[],"class_list":{"0":"post-3714","1":"post","2":"type-post","3":"status-publish","4":"format-standard","5":"has-post-thumbnail","7":"category-feirasdenegocios"},"_links":{"self":[{"href":"https:\/\/tveventos.tv.br\/index.php?rest_route=\/wp\/v2\/posts\/3714","targetHints":{"allow":["GET"]}}],"collection":[{"href":"https:\/\/tveventos.tv.br\/index.php?rest_route=\/wp\/v2\/posts"}],"about":[{"href":"https:\/\/tveventos.tv.br\/index.php?rest_route=\/wp\/v2\/types\/post"}],"author":[{"embeddable":true,"href":"https:\/\/tveventos.tv.br\/index.php?rest_route=\/wp\/v2\/users\/2"}],"replies":[{"embeddable":true,"href":"https:\/\/tveventos.tv.br\/index.php?rest_route=%2Fwp%2Fv2%2Fcomments&post=3714"}],"version-history":[{"count":1,"href":"https:\/\/tveventos.tv.br\/index.php?rest_route=\/wp\/v2\/posts\/3714\/revisions"}],"predecessor-version":[{"id":3716,"href":"https:\/\/tveventos.tv.br\/index.php?rest_route=\/wp\/v2\/posts\/3714\/revisions\/3716"}],"wp:featuredmedia":[{"embeddable":true,"href":"https:\/\/tveventos.tv.br\/index.php?rest_route=\/wp\/v2\/media\/3717"}],"wp:attachment":[{"href":"https:\/\/tveventos.tv.br\/index.php?rest_route=%2Fwp%2Fv2%2Fmedia&parent=3714"}],"wp:term":[{"taxonomy":"category","embeddable":true,"href":"https:\/\/tveventos.tv.br\/index.php?rest_route=%2Fwp%2Fv2%2Fcategories&post=3714"},{"taxonomy":"post_tag","embeddable":true,"href":"https:\/\/tveventos.tv.br\/index.php?rest_route=%2Fwp%2Fv2%2Ftags&post=3714"}],"curies":[{"name":"wp","href":"https:\/\/api.w.org\/{rel}","templated":true}]}}