{"id":3718,"date":"2024-10-22T11:04:13","date_gmt":"2024-10-22T14:04:13","guid":{"rendered":"https:\/\/tveventos.tv.br\/?p=3718"},"modified":"2024-10-22T11:04:16","modified_gmt":"2024-10-22T14:04:16","slug":"foco-na-transicao-energetica-justa-da-o-tom-dos-debates-do-primeiro-dia-do-brazil-windpower","status":"publish","type":"post","link":"https:\/\/tveventos.tv.br\/?p=3718","title":{"rendered":"Foco na transi\u00e7\u00e3o energ\u00e9tica justa d\u00e1 o tom dos debates do primeiro dia do Brazil Windpower"},"content":{"rendered":"\n<p>O tema transi\u00e7\u00e3o energ\u00e9tica justa marcou os discursos de autoridades e de executivos durante o primeiro dia da 14\u00aa edi\u00e7\u00e3o do Brazil WindPower, considerado o maior evento de energia e\u00f3lica da Am\u00e9rica Latina. Logo na abertura, Alexandre Silveira, ministro de Minas e Energia, destacou a import\u00e2ncia de um setor que gera mais de 300 mil empregos diretos.&nbsp;<\/p>\n\n\n\n<p>\u201cO Brasil conta com mais de 26 watts de pot\u00eancia instalada, mais de R$ 200 bilh\u00f5es investidos e com impacto de mais de R$ 500 bilh\u00f5es no PIB. Nosso objetivo \u00e9 manter essa capacidade de entrega e ser o celeiro de energias limpas e renov\u00e1veis\u201d, disse Alexandre Silveira.<\/p>\n\n\n\n<p>Enquanto isso, F\u00e1tima Bezerra, governadora do Rio Grande do Norte, lembrou que para ser sustent\u00e1vel \u00e9 preciso ser justo e inclusivo. \u201cTemos um compromisso de fazer essa discuss\u00e3o com a sociedade, se quisermos que o Brasil avance na quest\u00e3o das energias renov\u00e1veis\u201d, afirmou.&nbsp;<\/p>\n\n\n\n<p>Hoje, o Brasil conta com mais de 800 parques e\u00f3licos instalados em 12 estados brasileiros, que somam cerca de 25 gigawatts de capacidade instalada, beneficiando mais de 100 milh\u00f5es de pessoas. Para se ter ideia, foi superado, globalmente, a marca de 1 terawatt de energia e\u00f3lica, n\u00famero que levou 40 anos para ser alcan\u00e7ado.&nbsp;<\/p>\n\n\n\n<p>\u201cPrecisamos ser oito vezes maiores nos pr\u00f3ximos anos, um desafio longo para a ind\u00fastria. O Brasil tem uma oportunidade \u00fanica porque \u00e9 um exportador de comodities essenciais para a energia e\u00f3lica\u201d, destacou Ben Backwell, CEO da Global Wind Energy Council (GWEC), ainda na abertura do evento.&nbsp;<\/p>\n\n\n\n<p>Ali\u00e1s, a contribui\u00e7\u00e3o do Brasil \u00e9 de muita import\u00e2ncia no processo de transforma\u00e7\u00e3o energ\u00e9tica. \u201cO Brasil tem uma diversidade de recursos energ\u00e9ticos que colocam o pa\u00eds num cen\u00e1rio \u00fanico\u201d, enfatizou Mariana Esp\u00e9cie, diretora do Departamento de Transi\u00e7\u00e3o Energ\u00e9tica do Minist\u00e9rio de Minas e Energia. \u201c\u00c9 uma expans\u00e3o que precisa ser planejada em conjunto\u201d, acrescentou Angela Livino, Presidente Interina da EPE.&nbsp;<\/p>\n\n\n\n<p><strong>Hidrog\u00eanio Verde<\/strong><\/p>\n\n\n\n<p>Entre os diversos temas abordados no dia, o hidrog\u00eanio verde teve destaque. A possibilidade de o Brasil se tornar uma das principais pot\u00eancias na produ\u00e7\u00e3o em hidrog\u00eanio verde, e, ao mesmo tempo, estar atento \u00e0 necessidade de uma regulamenta\u00e7\u00e3o para acelerar esse crescimento pautou o painel \u201cRegula\u00e7\u00e3o, Cadeia Produtiva e os Hubs em Desenvolvimento no Brasil &#8211; Pacto de Hidrog\u00eanio\u201d.<\/p>\n\n\n\n<p>\u201cO hidrog\u00eanio verde \u00e9 uma realidade, mas est\u00e1 sem regula\u00e7\u00e3o. Precisamos criar um marco regulat\u00f3rio. O tempo \u00e9 curto e precisamos acelerar\u201d, salientou Elbia Gannoum, presidente-executiva da ABEE\u00f3lica.&nbsp;<\/p>\n\n\n\n<p><strong>Parcerias fechadas<\/strong><\/p>\n\n\n\n<p>No primeiro dia do Brazil Wind Power 2023, a Ocean Winds assinou duas MoUs (memorando de entendimento). Com a Prumo Log\u00edstica, controladora do Porto do A\u00e7u, ocorrer\u00e1 a execu\u00e7\u00e3o de estudos para projetos futuros de energia e\u00f3lica offshore. Mais tarde, a empresa refor\u00e7ou a sua parceria com o Estado do Rio Grande do Norte por meio de um aditivo ao MoU para formalizar a colabora\u00e7\u00e3o estrat\u00e9gica destinada a promover desenvolvimento de projetos de energia e\u00f3lica offshore no Estado.<\/p>\n\n\n\n<p><strong>Servi\u00e7o<\/strong>:<\/p>\n\n\n\n<p><strong>Brazil Windpower<\/strong>&nbsp;&#8211;&nbsp;<em>Pol\u00edtica industrial verde e transi\u00e7\u00e3o energ\u00e9tica justa: o protagonismo brasileiro<\/em><\/p>\n\n\n\n<p><strong>Quando<\/strong>: 12, 13 e 14 de setembro de 2023, das 10h \u00e0s 20h<\/p>\n\n\n\n<p><strong>Onde<\/strong>: S\u00e3o Paulo Expo &#8211; Rodovia dos Imigrantes, Km 1,5 \u2013 Vila \u00c1gua Funda, S\u00e3o Paulo, SP.<\/p>\n\n\n\n<p><strong>Para participar dos Congressos:<\/strong>&nbsp;<a href=\"https:\/\/www.brazilwindpower.com.br\/pt\/congresso.html\"><strong>https:\/\/www.brazilwindpower.com.br\/pt\/congresso.html<\/strong><\/a><\/p>\n\n\n\n<p><strong>Para visitar a feira:&nbsp;<\/strong><a href=\"https:\/\/www.brazilwindpower.com.br\/pt\/visitar.html\"><strong>https:\/\/www.brazilwindpower.com.br\/pt\/visitar.html<\/strong><\/a><\/p>\n","protected":false},"excerpt":{"rendered":"<p>O tema transi\u00e7\u00e3o energ\u00e9tica justa marcou os discursos de autoridades e de executivos durante o primeiro dia da 14\u00aa edi\u00e7\u00e3o do Brazil WindPower, considerado o maior evento de energia e\u00f3lica da Am\u00e9rica Latina. Logo na abertura, Alexandre Silveira, ministro de Minas e Energia, destacou a import\u00e2ncia de um setor que gera mais de 300 mil [&hellip;]<\/p>\n","protected":false},"author":2,"featured_media":3719,"comment_status":"open","ping_status":"open","sticky":false,"template":"","format":"standard","meta":{"footnotes":""},"categories":[23],"tags":[],"class_list":{"0":"post-3718","1":"post","2":"type-post","3":"status-publish","4":"format-standard","5":"has-post-thumbnail","7":"category-feirasdenegocios"},"_links":{"self":[{"href":"https:\/\/tveventos.tv.br\/index.php?rest_route=\/wp\/v2\/posts\/3718","targetHints":{"allow":["GET"]}}],"collection":[{"href":"https:\/\/tveventos.tv.br\/index.php?rest_route=\/wp\/v2\/posts"}],"about":[{"href":"https:\/\/tveventos.tv.br\/index.php?rest_route=\/wp\/v2\/types\/post"}],"author":[{"embeddable":true,"href":"https:\/\/tveventos.tv.br\/index.php?rest_route=\/wp\/v2\/users\/2"}],"replies":[{"embeddable":true,"href":"https:\/\/tveventos.tv.br\/index.php?rest_route=%2Fwp%2Fv2%2Fcomments&post=3718"}],"version-history":[{"count":1,"href":"https:\/\/tveventos.tv.br\/index.php?rest_route=\/wp\/v2\/posts\/3718\/revisions"}],"predecessor-version":[{"id":3720,"href":"https:\/\/tveventos.tv.br\/index.php?rest_route=\/wp\/v2\/posts\/3718\/revisions\/3720"}],"wp:featuredmedia":[{"embeddable":true,"href":"https:\/\/tveventos.tv.br\/index.php?rest_route=\/wp\/v2\/media\/3719"}],"wp:attachment":[{"href":"https:\/\/tveventos.tv.br\/index.php?rest_route=%2Fwp%2Fv2%2Fmedia&parent=3718"}],"wp:term":[{"taxonomy":"category","embeddable":true,"href":"https:\/\/tveventos.tv.br\/index.php?rest_route=%2Fwp%2Fv2%2Fcategories&post=3718"},{"taxonomy":"post_tag","embeddable":true,"href":"https:\/\/tveventos.tv.br\/index.php?rest_route=%2Fwp%2Fv2%2Ftags&post=3718"}],"curies":[{"name":"wp","href":"https:\/\/api.w.org\/{rel}","templated":true}]}}