{"id":3721,"date":"2024-10-23T12:43:03","date_gmt":"2024-10-23T15:43:03","guid":{"rendered":"https:\/\/tveventos.tv.br\/?p=3721"},"modified":"2024-10-23T12:43:07","modified_gmt":"2024-10-23T15:43:07","slug":"amcham-talks-2024-traz-tendencias-e-inovacoes-do-mundo-da-tecnologia","status":"publish","type":"post","link":"https:\/\/tveventos.tv.br\/?p=3721","title":{"rendered":"Amcham Talks 2024 traz tend\u00eancias e inova\u00e7\u00f5es do mundo da tecnologia"},"content":{"rendered":"\n<p class=\"has-text-align-center\"><em>Evento nacional acontece no dia 29 de outubro, em Campinas, com foco em Sustentabilidade, Intelig\u00eancia Artificial, Profissional do Futuro e Efici\u00eancia Operacional<\/em>.<\/p>\n\n\n\n<p>Com o tema &#8220;Ideias que transformam, tecnologias que conectam\u201d, o Amcham Talks chega \u00e0 sua s\u00e9tima edi\u00e7\u00e3o. Um dos principais eventos para discuss\u00e3o e debate sobre tend\u00eancias de inova\u00e7\u00e3o e tecnologia, ele acontecer\u00e1 no dia 29 de outubro no Royal Palm Hall em Campinas, em formato h\u00edbrido. Neste ano, ser\u00e3o cinco palcos simult\u00e2neos com quatro temas, al\u00e9m de uma sala Full Experience com workshops de aprofundamento com dois palestrantes internacionais.<\/p>\n\n\n\n<p>A edi\u00e7\u00e3o 2024 do Amchm Talks, criado em 2018 pela Amcham Interior de S\u00e3o Paulo, ter\u00e1 como foco temas em alta e que est\u00e3o ditando os rumos no mundo corporativo: Sustentabilidade, Intelig\u00eancia Artificial, Profissional do Futuro e Efici\u00eancia Operacional. As palestras e debates ser\u00e3o conduzidas por 21 especialistas de grandes corpora\u00e7\u00f5es no Brasil.<\/p>\n\n\n\n<p>Dentre os nomes confirmados para o evento, est\u00e3o Amanda Andreone, CEO do Genesys, Andrea Mannarino, diretora de Opera\u00e7\u00f5es da Embater, Andr\u00e9 Winter, ESG Advisor da KPMG Brasil, Leonardo Linder, Presidente da Ipiranga, Christiano Faig, vice presidente de Solu\u00e7\u00f5es e Tecnologia da Microsoft Brasil, Rodolfo Nardes Sirol, diretor de Meio Ambiente da CPFL Energia.<\/p>\n\n\n\n<p>Os dois palestrantes internacionais convidados para as salas Full Experience s\u00e3o Itai Green, um dos principais nomes do ecossistema de inova\u00e7\u00e3o aberta em Israel e um grande defensor da nova economia, reconhecido como &#8216;guru da inova\u00e7\u00e3o&#8217;. Fundador e CEO da Innovate Israel, uma organiza\u00e7\u00e3o que impulsiona a transforma\u00e7\u00e3o tecnol\u00f3gica em empresas globais, Green se destaca como um dos maiores especialistas em ecossistemas corporativos de tecnologia. Outro nome \u00e9 e Rami Goldratt, CEO da Goldratt Group, organiza\u00e7\u00e3o l\u00edder em implementa\u00e7\u00f5es da Teoria das Restri\u00e7\u00f5es (TOC). Rami \u00e9 considerado um dos l\u00edderes mais influentes do corpo de conhecimento da TOC e \u00e9 altamente considerado por desenvolver as aplica\u00e7\u00f5es da TOC para inovar nos neg\u00f3cios, produtos e processos.<\/p>\n\n\n\n<p>Willy Lobbe, Superintendente na Amcham Interior de S\u00e3o Paulo, lembra que esse evento nasceu na regional de Campinas, onde est\u00e1 localizado um dos mais fortes e din\u00e2micos ecossistemas de inova\u00e7\u00e3o do Brasil. O objetivo \u00e9 de discutir tend\u00eancias para ajudar e dar suporte \u00e0s empresas no planejamento e desenvolvimento de a\u00e7\u00f5es ligadas a investimentos e pesquisas e desenvolvimento de produtos e neg\u00f3cios.<\/p>\n\n\n\n<p>\u201cO Amcham Talks j\u00e1 se firmou como um dos eventos de tecnologia mais importantes do mundo corporativo e tem uma grande relev\u00e2ncia para Amcham, pois o evento est\u00e1 em um dos principais polos de inova\u00e7\u00e3o do pa\u00eds e \u00e9 um dia importante para sair da rotina e olhar para o futuro, trocar experi\u00eancias e poder programar os pr\u00f3ximos passos das organiza\u00e7\u00f5es\u201d, diz Lobbe. \u201cO p\u00fablico presente tamb\u00e9m tem a oportunidade de interagir, trocar e compartilhar experi\u00eancias com pessoas de todo o Brasil, al\u00e9m de se conectar e fazer networking\u201d, acrescenta.<\/p>\n\n\n\n<p>No evento, a Amcham tamb\u00e9m vai divulgar o resultado da pesquisa Panorama 2025, na qual foram &nbsp;mapeadas as principais tend\u00eancias que definir\u00e3o o cen\u00e1rio empresarial no pr\u00f3ximo ano.<\/p>\n\n\n\n<p>Agenda confirmada at\u00e9 o momento e mais detalhes do evento:&nbsp;<a href=\"https:\/\/talks.amcham.com.br\/\" target=\"_blank\" rel=\"noreferrer noopener\">https:\/\/talks.amcham.com.br\/<\/a><\/p>\n","protected":false},"excerpt":{"rendered":"<p>Evento nacional acontece no dia 29 de outubro, em Campinas, com foco em Sustentabilidade, Intelig\u00eancia Artificial, Profissional do Futuro e Efici\u00eancia Operacional. Com o tema &#8220;Ideias que transformam, tecnologias que conectam\u201d, o Amcham Talks chega \u00e0 sua s\u00e9tima edi\u00e7\u00e3o. Um dos principais eventos para discuss\u00e3o e debate sobre tend\u00eancias de inova\u00e7\u00e3o e tecnologia, ele acontecer\u00e1 [&hellip;]<\/p>\n","protected":false},"author":2,"featured_media":3722,"comment_status":"open","ping_status":"open","sticky":false,"template":"","format":"standard","meta":{"footnotes":""},"categories":[1],"tags":[],"class_list":{"0":"post-3721","1":"post","2":"type-post","3":"status-publish","4":"format-standard","5":"has-post-thumbnail","7":"category-workshopsepalestras"},"_links":{"self":[{"href":"https:\/\/tveventos.tv.br\/index.php?rest_route=\/wp\/v2\/posts\/3721","targetHints":{"allow":["GET"]}}],"collection":[{"href":"https:\/\/tveventos.tv.br\/index.php?rest_route=\/wp\/v2\/posts"}],"about":[{"href":"https:\/\/tveventos.tv.br\/index.php?rest_route=\/wp\/v2\/types\/post"}],"author":[{"embeddable":true,"href":"https:\/\/tveventos.tv.br\/index.php?rest_route=\/wp\/v2\/users\/2"}],"replies":[{"embeddable":true,"href":"https:\/\/tveventos.tv.br\/index.php?rest_route=%2Fwp%2Fv2%2Fcomments&post=3721"}],"version-history":[{"count":1,"href":"https:\/\/tveventos.tv.br\/index.php?rest_route=\/wp\/v2\/posts\/3721\/revisions"}],"predecessor-version":[{"id":3723,"href":"https:\/\/tveventos.tv.br\/index.php?rest_route=\/wp\/v2\/posts\/3721\/revisions\/3723"}],"wp:featuredmedia":[{"embeddable":true,"href":"https:\/\/tveventos.tv.br\/index.php?rest_route=\/wp\/v2\/media\/3722"}],"wp:attachment":[{"href":"https:\/\/tveventos.tv.br\/index.php?rest_route=%2Fwp%2Fv2%2Fmedia&parent=3721"}],"wp:term":[{"taxonomy":"category","embeddable":true,"href":"https:\/\/tveventos.tv.br\/index.php?rest_route=%2Fwp%2Fv2%2Fcategories&post=3721"},{"taxonomy":"post_tag","embeddable":true,"href":"https:\/\/tveventos.tv.br\/index.php?rest_route=%2Fwp%2Fv2%2Ftags&post=3721"}],"curies":[{"name":"wp","href":"https:\/\/api.w.org\/{rel}","templated":true}]}}