{"id":3724,"date":"2024-10-23T16:22:15","date_gmt":"2024-10-23T19:22:15","guid":{"rendered":"https:\/\/tveventos.tv.br\/?p=3724"},"modified":"2024-10-23T16:22:20","modified_gmt":"2024-10-23T19:22:20","slug":"beauty-fair-reforca-a-potencia-do-mercado-de-estetica-no-brasil","status":"publish","type":"post","link":"https:\/\/tveventos.tv.br\/?p=3724","title":{"rendered":"Beauty Fair refor\u00e7a a pot\u00eancia do mercado de est\u00e9tica no Brasil"},"content":{"rendered":"\n<p class=\"has-text-align-center\"><em>Evento de 2024 impulsiona o mercado de est\u00e9tica com lan\u00e7amentos e inova\u00e7\u00f5es de grandes marcas.<\/em><\/p>\n\n\n\n<p>A Beauty Fair 2024, maior feira de beleza das am\u00e9ricas, deu \u00eanfase para o mercado de est\u00e9tica, reunindo grandes marcas e patrocinadores que impulsionam o avan\u00e7o e a inova\u00e7\u00e3o do setor. Com a participa\u00e7\u00e3o dessas empresas, o evento consolidou-se como refer\u00eancia para profissionais de est\u00e9tica e sa\u00fade, posicionando o Brasil como um centro de inova\u00e7\u00e3o no setor e destacando o enorme potencial de crescimento desse mercado, reunindo 212 mil visitantes, dos quais 150 mil eram profissionais \u00fanicos, incluindo profissionais do setor, lojistas, distribuidores e exportadores.<br>&nbsp;<\/p>\n\n\n\n<p>\u201c<em>A Beauty Fair \u00e9 uma verdadeira porta de entrada para o crescimento do setor de est\u00e9tica no Brasil. O evento proporciona uma plataforma essencial para que marcas, profissionais e investidores se conectem, explorem novas tecnologias e impulsionem a inova\u00e7\u00e3o no mercado, criando oportunidades para o desenvolvimento cont\u00ednuo da ind\u00fastria,\u201d<\/em>&nbsp;ressaltou Cesar Tsukuda, diretor geral da Beauty Fair.<br>&nbsp;<\/p>\n\n\n\n<p>Durante a feira, as marcas Cosmobeauty e Ibramed realizaram um pr\u00e9 congresso com profissionais renomados do setor. As esteticistas e cosmet\u00f3logas Jessica Onesko e Thatiane Brigalante, falaram sobre Microagulhamento Full Face e as pr\u00e1ticas avan\u00e7adas com \u00e1cido hialur\u00f4nico para rejuvenescimento.<br>&nbsp;<\/p>\n\n\n\n<p>\u201cO envelhecimento da pele humana ocorre de forma gradual ao longo da vida. Os primeiros sinais incluem a perda de volume e a atrofia cut\u00e2nea, seguidos por modifica\u00e7\u00f5es morfol\u00f3gicas e funcionais na derme, o que resulta em altera\u00e7\u00f5es na prolifera\u00e7\u00e3o e na capacidade de reparo das c\u00e9lulas. Por isso, \u00e9 importante cuidar da nossa pele o quanto antes para promover um envelhecimento saud\u00e1vel, bonito e confort\u00e1vel\u201d, comentou Brigalante.<br>&nbsp;<\/p>\n\n\n\n<p>\u201cA cada 20 dias ocorre a perda das membranas celulares. \u00c9 essencial aumentar o n\u00edvel de hidrata\u00e7\u00e3o no corpo para repor o que foi perdido, utilizando diferentes protocolos como o microagulhamento, que melhora a capacidade de hidrata\u00e7\u00e3o e repara\u00e7\u00e3o da pele, proporcionando um efeito lifting\u201d, ressaltou Onesko.<br>&nbsp;<\/p>\n\n\n\n<p>Gabriel Rocha, Head de Eventos da Fismatek, falou sobre o equipamento Artrya, da Fismatek, uma empresa especializada em tecnologias eletrom\u00e9dicas de alta performance para fisioterapia, est\u00e9tica e medicina est\u00e9tica. O Artrya promete revolucionar o skin care, oferecendo limpeza, esfolia\u00e7\u00e3o, hidrata\u00e7\u00e3o, est\u00edmulo de col\u00e1geno e a\u00e7\u00e3o antioxidante em um \u00fanico equipamento, com diferentes ponteiras, garantindo um tratamento completo e de alta performance para o rosto. Ideal para preparar a pele para eventos especiais ou para manuten\u00e7\u00e3o regular, o Artrya oferece uma experi\u00eancia de spa de luxo no conforto de cl\u00ednicas ou sal\u00f5es. Al\u00e9m dessa tecnologia, a Fismatek oferece outros tratamentos, como:<br>&nbsp;<\/p>\n\n\n\n<ul class=\"wp-block-list\">\n<li><strong>Equipamento \u00d4nix:<\/strong>\u00a0Garante tratamento muscular de alta performance, promovendo contra\u00e7\u00f5es musculares e redu\u00e7\u00e3o da gordura, tonificando e fortalecendo os m\u00fasculos abdominais, gl\u00fateos, coxas, panturrilhas e bra\u00e7os.<\/li>\n\n\n\n<li><strong>Axcel:<\/strong>\u00a0Ideal para perda de gordura localizada com a tecnologia de Criofrequ\u00eancia, indicada para tratamento da flacidez tissular facial e corporal, redu\u00e7\u00e3o da gordura localizada, fibroses e celulites.<\/li>\n\n\n\n<li><strong>Herus HIFU:<\/strong>\u00a0Indicado para cuidados com a sa\u00fade facial, reduz marcas, flacidez e melhora a harmonia dos tra\u00e7os.<\/li>\n<\/ul>\n\n\n\n<p>A HTM, ind\u00fastria de refer\u00eancia na produ\u00e7\u00e3o de equipamentos eletr\u00f4nicos para est\u00e9tica e fisioterapia no Brasil, tamb\u00e9m marcou presen\u00e7a na 19\u00aa edi\u00e7\u00e3o da feira. Eles apresentaram tecnologias inovadoras. A marca percebeu um aumento no n\u00famero de interessados pela tecnologia. \u201cPercebemos uma busca muito grande pela primeira tecnologia para colocarem em suas cl\u00ednicas. Entre os equipamentos mais procurados est\u00e3o os de vapor de oz\u00f4nio, tratamentos faciais e multiplataformas, que podem ser utilizados em todos os segmentos da est\u00e9tica. Esse ano tamb\u00e9m tem muitos profissionais procurando equipamentos de maior valor agregado como os de depila\u00e7\u00e3o a laser\u201d, explica Lu\u00eds Gustavo Andena, gerente de marketing da HTM.<br>&nbsp;<\/p>\n\n\n\n<p>Entre as novidades, como o Fluence Maxx, um equipamento de Fototerapia com tecnologia LED e laser de baixa pot\u00eancia, oferecendo uma ampla gama de recursos para multi-terapias e acess\u00f3rios exclusivos, com 28 op\u00e7\u00f5es: Canetas Laser de alta pot\u00eancia, Cluster LED (circular e linear), Cluster LED + Laser, Cluster LED MAXX, M\u00e1scara Fototerapia LED Facial, M\u00e1scara Fototerapia LED Facial + Pesco\u00e7o e Pulseira para T\u00e9cnica ILIB. Com mais de 1.700 protocolos pr\u00e9-programados (com possibilidade de incluir novos), o equipamento \u00e9 capaz de tratar condi\u00e7\u00f5es como acne, alopecia, analgesia, celulite, drenagem linf\u00e1tica, gordura localizada, hidrata\u00e7\u00e3o, ILIB transcut\u00e2neo, linfedema, melasma, reabilita\u00e7\u00e3o f\u00edsica, rejuvenescimento e terapia fotodin\u00e2mica.<br>&nbsp;<\/p>\n\n\n\n<p>A HTM tamb\u00e9m apresentou o \u00c1crus, um aparelho a laser triple wave que realiza tratamentos depilat\u00f3rios durante o ver\u00e3o e em peles bronzeadas, utilizando um sistema de resfriamento inteligente para tornar o procedimento mais confort\u00e1vel e seguro contra queimaduras. Para completar o portf\u00f3lio da marca na feira, foram exibidos o Stim Hair, equipamento de tricologia e vacuoterapia que utiliza fototerapia para tratamento capilar, e o Stimulus Face Maxx, uma plataforma de multiterapias faciais.<\/p>\n\n\n<div class=\"wp-block-image\">\n<figure class=\"aligncenter size-full is-resized\"><img loading=\"lazy\" decoding=\"async\" width=\"800\" height=\"533\" src=\"https:\/\/tveventos.tv.br\/wp-content\/uploads\/2024\/10\/image-5.png\" alt=\"\" class=\"wp-image-3726\" style=\"width:800px;height:auto\" srcset=\"https:\/\/tveventos.tv.br\/wp-content\/uploads\/2024\/10\/image-5.png 800w, https:\/\/tveventos.tv.br\/wp-content\/uploads\/2024\/10\/image-5-300x200.png 300w, https:\/\/tveventos.tv.br\/wp-content\/uploads\/2024\/10\/image-5-768x512.png 768w, https:\/\/tveventos.tv.br\/wp-content\/uploads\/2024\/10\/image-5-630x420.png 630w, https:\/\/tveventos.tv.br\/wp-content\/uploads\/2024\/10\/image-5-696x464.png 696w\" sizes=\"auto, (max-width: 800px) 100vw, 800px\" \/><\/figure>\n<\/div>\n\n\n<figure class=\"wp-block-table\"><table class=\"has-fixed-layout\"><tbody><tr><td><\/td><\/tr><\/tbody><\/table><figcaption class=\"wp-element-caption\">                                  <em>Demonstra\u00e7\u00e3o de equipamento a laser no estande da HTM (Foto: Divulga\u00e7\u00e3o\/Beauty Fair)<\/em>\u00a0<\/figcaption><\/figure>\n\n\n\n<p>A Ibramed, ind\u00fastria brasileira de equipamentos m\u00e9dicos para os segmentos de sa\u00fade, est\u00e9tica e bem-estar com 30 anos de mercado, tamb\u00e9m levou novas tecnologias para Beauty Fair, como o endolaser e a primeira criofrequ\u00eancia ablativa e n\u00e3o invasiva do mercado.<br>&nbsp;<\/p>\n\n\n\n<p>A tecnologia que a Ibramed traz no Myra, chamada endolaser, \u00e9 um laser de diodo por fibra \u00f3ptica com comprimentos de ondas infravermelhas que possui par\u00e2metros ajustados automaticamente de acordo com a frequ\u00eancia e dura\u00e7\u00e3o de pulso. Outro lan\u00e7amento com foco na praticidade, otimiza\u00e7\u00e3o e efici\u00eancia dos protocolos nas cl\u00ednicas, \u00e9 o Cryotecar, a primeira criofrequ\u00eancia e radiofrequ\u00eancia ablativa n\u00e3o invasiva do mundo. Ele possui tecarterapia, radiofrequ\u00eancia, criotecarterapia, criofrequ\u00eancia e radiofrequ\u00eancia fracionada, ou seja, \u00e9 o \u00fanico equipamento de criofrequ\u00eancia que possui 6 terapias diferentes, al\u00e9m de ser o primeiro a ter criotecarterapia no Brasil. O produto tem 44 protocolos programados, podendo ser utilizados para tratamentos faciais, corporais e \u00edntimos.<br>&nbsp;<\/p>\n\n\n\n<p>O portf\u00f3lio tamb\u00e9m conta com uma tecnologia repaginada, o Sonopulse Portable, um ultrassom terap\u00eautico de 1Mhz e 3Mhz, por\u00e9m port\u00e1til. Pesando menos de 500 gramas, a novidade \u00e9 pensada nos profissionais que trabalham em home care e\/ou buscam facilidade e efici\u00eancia. O equipamento possui 47 protocolos para reabilita\u00e7\u00e3o e 9 protocolos para est\u00e9tica, podendo ser associado a outros equipamentos para terapia combinada.<br>&nbsp;<\/p>\n\n\n\n<p>A Bioage trouxe um conte\u00fado rico e inovador para a Arena Beauty Fair. No dia 7 de setembro, a Dra. Cl\u00e9lia Reis ministrou uma aula sobre &#8220;O poder dos exossomas associados a pept\u00eddeos&#8221;, destacando como esses componentes revolucion\u00e1rios atuam na regenera\u00e7\u00e3o e rejuvenescimento da pele, proporcionando resultados profundos em tratamentos est\u00e9ticos. No dia seguinte, 8 de setembro, foi a vez de Pamela Lopes apresentar &#8220;Limpeza de pele com tecnologia neuroscience&#8221;, uma abordagem que integra avan\u00e7os da neuroci\u00eancia para maximizar a efic\u00e1cia dos tratamentos de limpeza facial, oferecendo uma nova perspectiva sobre cuidados faciais baseados em ci\u00eancia.<br>&nbsp;<\/p>\n\n\n\n<p>Ad\u00e9lia Mendon\u00e7a apresentou a Linha Cosm\u00e9tica Laser Skin Resurfacing, desenvolvida para ser associada a tratamentos com lasers como Lavieen, Fotona, CO2 Fracionado, entre outros. A linha, co-criada com o grupo Ad\u00e9lia Mendon\u00e7a, Dra. Joielle Mendon\u00e7a, pesquisadora em tecnologia para Skincare e a especialista Dra Daniela Moleiro, \u00e9 dermatologicamente testada e indicada para prepara\u00e7\u00e3o, tratamento e cuidados p\u00f3s-laser. As aulas de Exossoma Terapia e PDRN, tamb\u00e9m foram destaques, trazendo inova\u00e7\u00f5es em rejuvenescimento e reparo da pele.<br>&nbsp;<\/p>\n\n\n\n<p>O evento n\u00e3o s\u00f3 destacou as inova\u00e7\u00f5es tecnol\u00f3gicas de grandes marcas, como tamb\u00e9m proporcionou um espa\u00e7o essencial para o compartilhamento de conhecimento entre profissionais. A feira consolidou-se como um marco na promo\u00e7\u00e3o do desenvolvimento do setor est\u00e9tico, refor\u00e7ando o papel do Brasil como protagonista global em est\u00e9tica e tratamentos avan\u00e7ados, e para 2025, com 80% da edi\u00e7\u00e3o j\u00e1 negociada, a aposta da Beauty Fair \u00e9 aumentar ainda mais a presen\u00e7a desse mercado, ampliando o espa\u00e7o para inova\u00e7\u00f5es e tend\u00eancias que impulsionam o crescimento do setor e continuam atraindo profissionais e marcas de renome.<\/p>\n\n\n\n<p><strong>Sobre a Beauty Fair<\/strong><\/p>\n\n\n\n<p>A Beauty Fair atua como plataforma de neg\u00f3cios, relacionamento e desenvolvimento para todo o mercado de beleza. Al\u00e9m de promover a maior feira de beleza das Am\u00e9ricas, a empresa tamb\u00e9m \u00e9 respons\u00e1vel um extenso portf\u00f3lio dividido em trilhas de solu\u00e7\u00f5es:<\/p>\n\n\n\n<ul class=\"wp-block-list\">\n<li>Nichos:\u00a0<a href=\"https:\/\/beautyshow.com.br\/\" target=\"_blank\" rel=\"noreferrer noopener\">Beauty Show<\/a>\u00a0|\u00a0<a href=\"https:\/\/www.barberweek.com.br\/\" target=\"_blank\" rel=\"noreferrer noopener\">Barber Week<\/a>\u00a0| PMU Prime | Brazil Lash Congress<\/li>\n\n\n\n<li>Regionais: Professional Fair\u00a0<a href=\"https:\/\/beleza.beautyfair.com.br\/professional-fair\" target=\"_blank\" rel=\"noreferrer noopener\">MG<\/a>\u00a0| RJ\u00a0<strong>(novo!)<\/strong><\/li>\n\n\n\n<li>Varejo: Miss\u00e3o Internacional |\u00a0<a href=\"https:\/\/beautyfair.rds.land\/lideres-de-perfumaria-2024\" target=\"_blank\" rel=\"noreferrer noopener\">L\u00edderes de Perfumaria<\/a>\u00a0| Confrarias | F\u00f3rum do Varejo<\/li>\n\n\n\n<li>Exporta\u00e7\u00e3o: Beauty Fair na\u00a0<a href=\"https:\/\/cosmoprofnorthamerica.com\/miami\/\" target=\"_blank\" rel=\"noreferrer noopener\">Cosmoprof Miami<\/a>\u00a0e\u00a0<a href=\"https:\/\/expobelleza.com.co\/\" target=\"_blank\" rel=\"noreferrer noopener\">Expo Belleza Colombia<\/a>\u00a02025\u00a0<strong>(novo!)<\/strong><\/li>\n\n\n\n<li>Not\u00edcias do setor:\u00a0<a href=\"https:\/\/negociosdebeleza.beautyfair.com.br\/\" target=\"_blank\" rel=\"noreferrer noopener\">Neg\u00f3cios de Beleza<\/a>\u00a0<\/li>\n<\/ul>\n","protected":false},"excerpt":{"rendered":"<p>Evento de 2024 impulsiona o mercado de est\u00e9tica com lan\u00e7amentos e inova\u00e7\u00f5es de grandes marcas. A Beauty Fair 2024, maior feira de beleza das am\u00e9ricas, deu \u00eanfase para o mercado de est\u00e9tica, reunindo grandes marcas e patrocinadores que impulsionam o avan\u00e7o e a inova\u00e7\u00e3o do setor. Com a participa\u00e7\u00e3o dessas empresas, o evento consolidou-se como [&hellip;]<\/p>\n","protected":false},"author":2,"featured_media":3727,"comment_status":"open","ping_status":"open","sticky":false,"template":"","format":"standard","meta":{"footnotes":""},"categories":[23],"tags":[],"class_list":{"0":"post-3724","1":"post","2":"type-post","3":"status-publish","4":"format-standard","5":"has-post-thumbnail","7":"category-feirasdenegocios"},"_links":{"self":[{"href":"https:\/\/tveventos.tv.br\/index.php?rest_route=\/wp\/v2\/posts\/3724","targetHints":{"allow":["GET"]}}],"collection":[{"href":"https:\/\/tveventos.tv.br\/index.php?rest_route=\/wp\/v2\/posts"}],"about":[{"href":"https:\/\/tveventos.tv.br\/index.php?rest_route=\/wp\/v2\/types\/post"}],"author":[{"embeddable":true,"href":"https:\/\/tveventos.tv.br\/index.php?rest_route=\/wp\/v2\/users\/2"}],"replies":[{"embeddable":true,"href":"https:\/\/tveventos.tv.br\/index.php?rest_route=%2Fwp%2Fv2%2Fcomments&post=3724"}],"version-history":[{"count":1,"href":"https:\/\/tveventos.tv.br\/index.php?rest_route=\/wp\/v2\/posts\/3724\/revisions"}],"predecessor-version":[{"id":3728,"href":"https:\/\/tveventos.tv.br\/index.php?rest_route=\/wp\/v2\/posts\/3724\/revisions\/3728"}],"wp:featuredmedia":[{"embeddable":true,"href":"https:\/\/tveventos.tv.br\/index.php?rest_route=\/wp\/v2\/media\/3727"}],"wp:attachment":[{"href":"https:\/\/tveventos.tv.br\/index.php?rest_route=%2Fwp%2Fv2%2Fmedia&parent=3724"}],"wp:term":[{"taxonomy":"category","embeddable":true,"href":"https:\/\/tveventos.tv.br\/index.php?rest_route=%2Fwp%2Fv2%2Fcategories&post=3724"},{"taxonomy":"post_tag","embeddable":true,"href":"https:\/\/tveventos.tv.br\/index.php?rest_route=%2Fwp%2Fv2%2Ftags&post=3724"}],"curies":[{"name":"wp","href":"https:\/\/api.w.org\/{rel}","templated":true}]}}