{"id":373,"date":"2023-09-28T18:04:35","date_gmt":"2023-09-28T21:04:35","guid":{"rendered":"https:\/\/tveventos.tv.br\/?p=373"},"modified":"2023-09-28T18:09:05","modified_gmt":"2023-09-28T21:09:05","slug":"abcasa-celebra-7-anos-de-sucesso-e-contribuicao-para-o-setor-de-casa-e-decoracao","status":"publish","type":"post","link":"https:\/\/tveventos.tv.br\/?p=373","title":{"rendered":"Especialistas debatem o caminho das pedras para a Sa\u00fade Digital"},"content":{"rendered":"\n<p><em>Evento de aquecimento para a 5\u00aa edi\u00e7\u00e3o do Global Summit APM foi realizado na sede do Google Brasil, em S\u00e3o Paulo<\/em><\/p>\n\n\n\n<p>O conceito de Sa\u00fade Digital est\u00e1 atrelado \u00e0 transforma\u00e7\u00e3o cultural de como as tecnologias disruptivas que fornecem dados digitais s\u00e3o acess\u00edveis aos profissionais de Sa\u00fade e aos pacientes, possibilitando a tomada de decis\u00e3o e a democratiza\u00e7\u00e3o do atendimento.&nbsp;<\/p>\n\n\n\n<p>A explica\u00e7\u00e3o \u00e9 de Priscila Cruzzati, Healthcare and Life Science Industry Specialist \u2013 Google Cloud, que participou do warm up realizado pelo<a href=\"https:\/\/globalsummit.org.br\/\" target=\"_blank\" rel=\"noreferrer noopener\">&nbsp;Global Summit Telemedicine &amp; Digital Health APM<\/a>, em 29 de agosto, na sede do Google Brasil, que debateu a \u201cSa\u00fade Digital no Brasil: o Caminho das Pedras\u201d.<\/p>\n\n\n\n<p>No evento de aquecimento \u00e0<a href=\"https:\/\/globalsummit.org.br\/\" target=\"_blank\" rel=\"noreferrer noopener\">&nbsp;5\u00aa edi\u00e7\u00e3o do evento<\/a>, que ser\u00e1 promovida pela<a href=\"https:\/\/www.apm.org.br\/\" target=\"_blank\" rel=\"noreferrer noopener\">&nbsp;Associa\u00e7\u00e3o Paulista de Medicina (APM)<\/a>, de 20 a 22 de novembro, no Centro de Conven\u00e7\u00f5es Frei Caneca, na capital paulista, Priscila contou que a estrat\u00e9gia do Google \u00e9 bem definida quando o assunto \u00e9 Sa\u00fade Digital: promover um ambiente acess\u00edvel, \u00fatil e seguro para que as informa\u00e7\u00f5es do paciente cheguem aos profissionais de Sa\u00fade para a tomada segura de decis\u00f5es.<\/p>\n\n\n\n<p>\u201cO Google tem como miss\u00e3o organizar todas as informa\u00e7\u00f5es do mundo e torn\u00e1-las \u00fateis e acess\u00edveis. Quando falamos em Google Cloud, por exemplo, \u00e9 a transforma\u00e7\u00e3o na Sa\u00fade, a forma que podemos repens\u00e1-la, por meio da inova\u00e7\u00e3o de dados, Sa\u00fade baseada em evid\u00eancias e como vamos gerar novos indicadores para perguntas que ainda n\u00e3o t\u00eam resposta\u201d, destacou a especialista.<\/p>\n\n\n\n<p>Inova\u00e7\u00e3o, ali\u00e1s, \u00e9 a imagem do Google. Em rela\u00e7\u00e3o \u00e0 \u00e1rea da Sa\u00fade, segundo Priscila, a companhia tem uma abordagem completamente voltada ao indiv\u00edduo que, de forma ampla, analisa os seus diferentes costumes e h\u00e1bitos, olhando para toda a sua jornada de vida.<\/p>\n\n\n\n<p>\u201cQuando falamos em Sa\u00fade, temos que trazer n\u00e3o apenas as solu\u00e7\u00f5es, mas tamb\u00e9m as dores. \u00c9 preciso ter uma base e olhar para o problema de maneira bem estruturada. Vamos pensar na constru\u00e7\u00e3o do futuro e, como o Google n\u00e3o \u00e9 s\u00f3 uma empresa de tecnologia, o conhecimento e a forma que foram feitas as mudan\u00e7a de paradigma em outras ind\u00fastrias tamb\u00e9m colaboram muito nos projetos dos nossos clientes\u201d, pontuou Priscila.<\/p>\n\n\n\n<p><strong>Aten\u00e7\u00e3o b\u00e1sica<\/strong><\/p>\n\n\n\n<p>Para Marcelo Fanganiello, CEO da GetConnect, o modelo atual do Sistema \u00danico de Sa\u00fade (SUS) tem uma problem\u00e1tica que abrange todos os munic\u00edpios brasileiros, que diz respeito \u00e0 aten\u00e7\u00e3o b\u00e1sica \u2013 que deveria ser melhor resolvida \u2013, relembrando que \u00e9 nela que a grande maioria dos casos s\u00e3o resolvidos e, quando n\u00e3o h\u00e1 solu\u00e7\u00e3o, s\u00e3o levados para a regula\u00e7\u00e3o.<\/p>\n\n\n\n<p>A utiliza\u00e7\u00e3o de tecnologia e, principalmente, a gest\u00e3o da Sa\u00fade Digital, quando bem estruturadas, tornam o processo muito mais resolutivo e qualitativo. Para isso, segundo Fanganiello, \u00e9 preciso colocar em pr\u00e1tica o conceito de pr\u00e9-regula\u00e7\u00e3o em Sa\u00fade. Mas, como isso funciona?<\/p>\n\n\n\n<p>Por meio da ado\u00e7\u00e3o de tecnologia, usando uma plataforma de gest\u00e3o em Sa\u00fade integral e a jun\u00e7\u00e3o de um servi\u00e7o de Sa\u00fade estruturado e preparado para isso, de forma remota, posicionado estrategicamente entre a aten\u00e7\u00e3o b\u00e1sica e a especializada. Desta forma, \u00e9 poss\u00edvel otimizar cerca de 80% das demandas que entram, ou seja, elas s\u00e3o resolvidas dentro desse ecossistema, diminuindo de forma exponencial a ascens\u00e3o do caso para a regula\u00e7\u00e3o.<\/p>\n\n\n\n<p>\u201c\u00c9 uma mistura de tecnologia, pessoas e processos bem-feitos. Ao colocarmos um processo digital quando temos um problema na aten\u00e7\u00e3o b\u00e1sica, isso d\u00e1 aten\u00e7\u00e3o ao paciente e \u00e9 poss\u00edvel resolver uma s\u00e9rie de problemas do SUS\u201d, garante o executivo.<\/p>\n\n\n\n<p>Por\u00e9m, \u00e9 preciso saber lidar com os principais desafios e trazer solu\u00e7\u00f5es para a digitaliza\u00e7\u00e3o do SUS.<\/p>\n\n\n\n<p>\u201cA primeira coisa \u00e9 juntar quem \u00e9 quem, e a outra parte \u00e9 o reposit\u00f3rio \u00fanico de dados, porque pode haver v\u00e1rios sistemas diferentes em um munic\u00edpio. Precisamos empoderar o paciente e fornecer dados para ele. Al\u00e9m disso, s\u00e3o necess\u00e1rias ferramentas para o profissional de Sa\u00fade fazer a Sa\u00fade Digital. Esses s\u00e3o os principais pilares\u201d, explicou Fanganiello.<\/p>\n\n\n\n<p><strong>Maturidade digital<\/strong><\/p>\n\n\n\n<p>Com foco em Intelig\u00eancia Artificial e as diferentes formas em que \u00e9 poss\u00edvel inseri-la no sistema, Claudio Giulliano Alves da Costa, CEO da Folks, destacou que a sua empresa tem se dedicado em conseguir concretizar o caminho das pedras e em construir m\u00e9todos para fazer a transforma\u00e7\u00e3o em uma jornada que alcance o paciente, o profissional, a institui\u00e7\u00e3o e os munic\u00edpios. Para o especialista, a ideia principal \u00e9 mostrar como avaliar a maturidade digital de institui\u00e7\u00f5es de Sa\u00fade, analisar onde se est\u00e1, para, ent\u00e3o, determinar quais ser\u00e3o os pr\u00f3ximos passos.<\/p>\n\n\n\n<p>\u201cN\u00e3o \u00e9 que a intelig\u00eancia artificial (IA) vai substituir o profissional de Sa\u00fade, mas, certamente, aqueles que a utilizarem ir\u00e3o superar os que n\u00e3o a usam. N\u00f3s que trabalhamos na \u00e1rea da Sa\u00fade temos que usar a IA de maneira \u00e9tica e respons\u00e1vel, buscando n\u00e3o gerar novos danos\u201d, destacou Costa, ressaltando que tem usado a IA generativa \u2013 sistema capaz de gerar texto, imagens ou outras informa\u00e7\u00f5es em resposta a solicita\u00e7\u00f5es em linguagem comum \u2013 para pensar.<\/p>\n\n\n\n<p>\u201cEu fa\u00e7o e pe\u00e7o ajuda para aperfei\u00e7oar o que fiz. Passando para indicadores, \u00e9 ideal que se tenha uma ferramenta para avalia\u00e7\u00e3o, pois ajuda, no fim, a criar um plano de transforma\u00e7\u00e3o\u201d, salientou o CEO.<\/p>\n\n\n\n<p>Costa exemplificou que a Folks desenvolveu um m\u00e9todo de avalia\u00e7\u00e3o chamado \u201c\u00cdndice de Maturidade Digital para a Sa\u00fade\u201d, no intuito de analisar hospitais e Telemedicina. Com isso, foi poss\u00edvel identificar que a matura\u00e7\u00e3o digital dos hospitais brasileiros \u00e9 de 44%.<\/p>\n\n\n\n<p>\u201cN\u00f3s precisamos saber onde estamos, para saber para onde vamos. Tem outros pa\u00edses que avan\u00e7aram um pouco mais nisso, mas no Brasil tamb\u00e9m teremos avan\u00e7os para chegar em um n\u00edvel mais confort\u00e1vel e ter uma Sa\u00fade muito melhor. Sa\u00fade Digital \u00e9 ben\u00e9fico, existem v\u00e1rios estudos mostrando isso e a gente tem que investir fortemente para poder fazer a transforma\u00e7\u00e3o\u201d, afirmou o executivo.<\/p>\n\n\n\n<p><strong>Jornada do paciente<\/strong><\/p>\n\n\n\n<p>Finalizando o evento, Edgar Gil Rizzatti, diretor-executivo m\u00e9dico do Grupo Fleury, salientou a import\u00e2ncia da integra\u00e7\u00e3o da jornada do paciente, tornando-a mais assertiva e pertinente.<\/p>\n\n\n\n<p>\u201cMuitos pa\u00edses vieram ver como a gente faz essa integra\u00e7\u00e3o para abrir unidades parecidas, isso acabou se disseminando aqui, no Brasil, mas n\u00e3o \u00e9 um modelo comum ao redor do mundo. Dentro da integra\u00e7\u00e3o em Medicina Diagn\u00f3stica, por exemplo, come\u00e7amos a trabalhar um conceito de oferecer tudo o que um paciente com uma determinada condi\u00e7\u00e3o cl\u00ednica precisa\u201d, explicou.<\/p>\n\n\n\n<p>Para a integra\u00e7\u00e3o dar certo e ser uma experi\u00eancia positiva, Rizzatti informou ser necess\u00e1ria que a sua realiza\u00e7\u00e3o seja feita de forma completamente anal\u00f3gica.<\/p>\n\n\n\n<p>\u201c\u00c9 preciso, para fazer a integra\u00e7\u00e3o, ter alguns rituais, como reuni\u00f5es multidisciplinares semanais, discuss\u00f5es de caso em que aprendemos a melhorar a qualidade, ver o quanto de coisas s\u00e3o redundantes ou desnecess\u00e1rias. Com este aprendizado, vimos que a integra\u00e7\u00e3o constr\u00f3i valor para o paciente, para o m\u00e9dico e para o sistema de Sa\u00fade\u201d, concluiu Rizzatti.<\/p>\n\n\n\n<p>A modera\u00e7\u00e3o do warm up foi do presidente do Global Summit APM, Jefferson Gomes Fernandes, e do copresidente&nbsp; e diretor de Tecnologia de Informa\u00e7\u00e3o da APM, Antonio Carlos Endrigo.<\/p>\n\n\n\n<p><strong>Sobre o Global Summit Telemedicine &amp; Digital Health APM<\/strong><\/p>\n\n\n\n<p>Maior e mais relevante evento de Telemedicina e Sa\u00fade Digital da Am\u00e9rica Latina, com tr\u00eas dias de dura\u00e7\u00e3o, o Global Summit APM, uma iniciativa da<a href=\"https:\/\/www.apm.org.br\/\" target=\"_blank\" rel=\"noreferrer noopener\">&nbsp;Associa\u00e7\u00e3o Paulista de Medicina (APM)<\/a>, re\u00fane especialistas internacionais e nacionais para debater as tend\u00eancias que est\u00e3o transformando o mundo da Sa\u00fade.<\/p>\n\n\n\n<p>A programa\u00e7\u00e3o, focada em conte\u00fado, experi\u00eancias e neg\u00f3cios, inclui temas em Telemedicina e Sa\u00fade Digital de interesse para m\u00e9dicos, profissionais, institui\u00e7\u00f5es e entidades de Sa\u00fade, ind\u00fastria, academia e governo, entre outros.&nbsp;<\/p>\n\n\n\n<p><strong>Sobre a Associa\u00e7\u00e3o Paulista de Medicina<\/strong><\/p>\n\n\n\n<p>Representante dos m\u00e9dicos desde 1930, a&nbsp;<a href=\"https:\/\/www.apm.org.br\/\" target=\"_blank\" rel=\"noreferrer noopener\">Associa\u00e7\u00e3o Paulista de Medicina<\/a>&nbsp;est\u00e1&nbsp;presente em todo o estado de S\u00e3o Paulo por meio de suas 76 Regionais. Al\u00e9m de&nbsp;contribuir com a elabora\u00e7\u00e3o das pol\u00edticas de Sa\u00fade e qualifica\u00e7\u00e3o da&nbsp;assist\u00eancia m\u00e9dica, a APM luta para valorizar o m\u00e9dico nos sistemas p\u00fablico e&nbsp;privado de sa\u00fade.&nbsp;<\/p>\n\n\n\n<p>Promove diversas atividades de educa\u00e7\u00e3o m\u00e9dica continuada, como eventos cient\u00edficos e o<a href=\"https:\/\/iesapm.org.br\/\" target=\"_blank\" rel=\"noreferrer noopener\">&nbsp;Instituto de Ensino Superior da APM (IESAPM)<\/a>,&nbsp;e oferece servi\u00e7os e benef\u00edcios aos associados e sociedade, incluindo o&nbsp;<a href=\"https:\/\/www.residencialapm.com.br\/\" target=\"_blank\" rel=\"noreferrer noopener\">Residencial APM<\/a>&nbsp;e o&nbsp;<a href=\"https:\/\/hotelfazendaapm.com.br\/\" target=\"_blank\" rel=\"noreferrer noopener\">Hotel Fazenda APM<\/a>.<\/p>\n","protected":false},"excerpt":{"rendered":"<p>Evento de aquecimento para a 5\u00aa edi\u00e7\u00e3o do Global Summit APM foi realizado na sede do Google Brasil, em S\u00e3o Paulo O conceito de Sa\u00fade Digital est\u00e1 atrelado \u00e0 transforma\u00e7\u00e3o cultural de como as tecnologias disruptivas que fornecem dados digitais s\u00e3o acess\u00edveis aos profissionais de Sa\u00fade e aos pacientes, possibilitando a tomada de decis\u00e3o e [&hellip;]<\/p>\n","protected":false},"author":2,"featured_media":378,"comment_status":"open","ping_status":"open","sticky":false,"template":"","format":"standard","meta":{"footnotes":""},"categories":[1],"tags":[],"class_list":{"0":"post-373","1":"post","2":"type-post","3":"status-publish","4":"format-standard","5":"has-post-thumbnail","7":"category-workshopsepalestras"},"_links":{"self":[{"href":"https:\/\/tveventos.tv.br\/index.php?rest_route=\/wp\/v2\/posts\/373","targetHints":{"allow":["GET"]}}],"collection":[{"href":"https:\/\/tveventos.tv.br\/index.php?rest_route=\/wp\/v2\/posts"}],"about":[{"href":"https:\/\/tveventos.tv.br\/index.php?rest_route=\/wp\/v2\/types\/post"}],"author":[{"embeddable":true,"href":"https:\/\/tveventos.tv.br\/index.php?rest_route=\/wp\/v2\/users\/2"}],"replies":[{"embeddable":true,"href":"https:\/\/tveventos.tv.br\/index.php?rest_route=%2Fwp%2Fv2%2Fcomments&post=373"}],"version-history":[{"count":2,"href":"https:\/\/tveventos.tv.br\/index.php?rest_route=\/wp\/v2\/posts\/373\/revisions"}],"predecessor-version":[{"id":379,"href":"https:\/\/tveventos.tv.br\/index.php?rest_route=\/wp\/v2\/posts\/373\/revisions\/379"}],"wp:featuredmedia":[{"embeddable":true,"href":"https:\/\/tveventos.tv.br\/index.php?rest_route=\/wp\/v2\/media\/378"}],"wp:attachment":[{"href":"https:\/\/tveventos.tv.br\/index.php?rest_route=%2Fwp%2Fv2%2Fmedia&parent=373"}],"wp:term":[{"taxonomy":"category","embeddable":true,"href":"https:\/\/tveventos.tv.br\/index.php?rest_route=%2Fwp%2Fv2%2Fcategories&post=373"},{"taxonomy":"post_tag","embeddable":true,"href":"https:\/\/tveventos.tv.br\/index.php?rest_route=%2Fwp%2Fv2%2Ftags&post=373"}],"curies":[{"name":"wp","href":"https:\/\/api.w.org\/{rel}","templated":true}]}}