{"id":3733,"date":"2024-10-24T16:11:11","date_gmt":"2024-10-24T19:11:11","guid":{"rendered":"https:\/\/tveventos.tv.br\/?p=3733"},"modified":"2024-10-24T16:11:13","modified_gmt":"2024-10-24T19:11:13","slug":"palestra-desmistifica-o-uso-de-ia-em-seguranca-do-trabalho","status":"publish","type":"post","link":"https:\/\/tveventos.tv.br\/?p=3733","title":{"rendered":"Palestra desmistifica o uso de IA em seguran\u00e7a do trabalho"},"content":{"rendered":"\n<p>Dando continuidade \u00e0 programa\u00e7\u00e3o do 25\u00ba Cobrasemt (Congresso Brasileiro de Seguran\u00e7a e Medicina no Trabalho), Eduardo Ferro, diretor da ABERGO (Associa\u00e7\u00e3o Brasileira de Ergonomia), fez palestra sobre \u201cA revolu\u00e7\u00e3o da Intelig\u00eancia Artificial na \u00e1rea de SST \u2013 Uma Realidade Positiva\u201d, na qual fugiu do alarmismo e tra\u00e7ou um panorama otimista do uso de IA na seguran\u00e7a do trabalho.&nbsp;<\/p>\n\n\n\n<p>O palestrante abriu comentando como a Intelig\u00eancia Artificial \u00e9 retratada no cinema de Hollywood, citando filmes de fic\u00e7\u00e3o cient\u00edfica cuja premissa \u00e9 de que a ferramenta acabaria com o mundo, enquanto, ao seu ver, a realidade \u00e9 muito mais condizente com o desenho Os Jetsons, \u201conde a IA era usada para que os personagens pudessem aproveitar mais momentos em fam\u00edlia\u201d, comentou ele. Em vez de m\u00e1quinas que ir\u00e3o dominar o mundo, o painelista explicou como a Intelig\u00eancia Artificial pode n\u00e3o s\u00f3 substituir a m\u00e3o de obra humana em fun\u00e7\u00f5es consideradas de risco, como tamb\u00e9m fazer c\u00e1lculos que previnem acidentes. \u201cA gente tem sistemas super complexos, mas precisamos de ferramentas que nos ajudem a mapear, a transformar esses dados em informa\u00e7\u00e3o\u201d, acrescentou o palestrante.&nbsp;<\/p>\n\n\n\n<p>Ilustrando como a resist\u00eancia a novas tecnologias sempre acompanhou as principais inova\u00e7\u00f5es da humanidade, foi projetada no tel\u00e3o uma manchete de jornal com a not\u00edcia de um protesto nos EUA que reuniu 6 mil professores contra o uso da calculadora, em 1986. Para encerrar, foi citada a seguinte frase do bi\u00f3logo norte-americano Edward Osborne Wilson: \u201cO verdadeiro problema da humanidade \u00e9 o seguinte: temos emo\u00e7\u00f5es paleol\u00edticas, institui\u00e7\u00f5es medievais e tecnologia divina.<\/p>\n\n\n\n<p><strong>Servi\u00e7o:<\/strong><\/p>\n\n\n\n<p><strong>FISP \u2013 24\u00aa Feira Internacional de Seguran\u00e7a e Prote\u00e7\u00e3o |<\/strong>&nbsp;<strong>Fire Show \u2013 15\u00aa International Fire Fair<\/strong><\/p>\n\n\n\n<p>Data: 22 a 24 de outubro<\/p>\n\n\n\n<p>Hor\u00e1rio: das 13h \u00e0s 21h&nbsp;<\/p>\n\n\n\n<p>Local: S\u00e3o Paulo Expo<\/p>\n\n\n\n<p>Endere\u00e7o: Rodovia dos Imigrantes, 1,5 km \u2013 Vila \u00c1gua Funda, S\u00e3o Paulo \u2013 SP<\/p>\n\n\n\n<p>Fotos neste&nbsp;<a href=\"https:\/\/feirafisp.com.br\/galeria-de-fotos-2024\/\">link<\/a><\/p>\n\n\n\n<p>Mais informa\u00e7\u00f5es&nbsp;<a href=\"https:\/\/feirafisp.com.br\/\">Fisp<\/a>&nbsp;|&nbsp;<a href=\"https:\/\/fireshow.com.br\/16\/\">Fire Show<\/a>&nbsp;<\/p>\n\n\n\n<p><strong>Sobre a Fiera Milano Brasil<\/strong><\/p>\n\n\n\n<p>A Fiera Milano Brasil&nbsp;\u00e9 a&nbsp;filial brasileira da Fiera Milano, um dos maiores players de feiras e congressos do mundo que a cada ano atraem aproximadamente 30 mil expositores e mais de cinco milh\u00f5es de visitantes.&nbsp;No Brasil, s\u00e3o realizadas&nbsp;nove&nbsp;feiras que representam os mais diversos segmentos da economia, como seguran\u00e7a, energias limpas e renov\u00e1veis, tubos e conex\u00f5es, cabos, sa\u00fade no trabalho, tecnologias em reabilita\u00e7\u00e3o, inclus\u00e3o e acessibilidade, entre outras. Entre as principais marcas do portf\u00f3lio est\u00e3o Exposec, FISP, Fire Show, Congresso Ecoenergy,&nbsp;Tubotech,&nbsp; wire Brasil, Fruit&nbsp; Attraction S\u00e3o Paulo, em parceria com IFEMA Madrid, Reatech + Expo Brasil Paral\u00edmpico, em parceria com o Comit\u00ea Paral\u00edmpico Brasileiro (CPB), Esquadria Show, em parceria com N\u00fcrnbergMesse Brasil, TranspoQuip e ExpoParking em parceria com a BMComm. Mais informa\u00e7\u00f5es:&nbsp;<a href=\"http:\/\/www.fieramilanobrasil.com.br\/\">www.fieramilanobrasil.com.br<\/a><\/p>\n","protected":false},"excerpt":{"rendered":"<p>Dando continuidade \u00e0 programa\u00e7\u00e3o do 25\u00ba Cobrasemt (Congresso Brasileiro de Seguran\u00e7a e Medicina no Trabalho), Eduardo Ferro, diretor da ABERGO (Associa\u00e7\u00e3o Brasileira de Ergonomia), fez palestra sobre \u201cA revolu\u00e7\u00e3o da Intelig\u00eancia Artificial na \u00e1rea de SST \u2013 Uma Realidade Positiva\u201d, na qual fugiu do alarmismo e tra\u00e7ou um panorama otimista do uso de IA na [&hellip;]<\/p>\n","protected":false},"author":2,"featured_media":3734,"comment_status":"open","ping_status":"open","sticky":false,"template":"","format":"standard","meta":{"footnotes":""},"categories":[1],"tags":[],"class_list":{"0":"post-3733","1":"post","2":"type-post","3":"status-publish","4":"format-standard","5":"has-post-thumbnail","7":"category-workshopsepalestras"},"_links":{"self":[{"href":"https:\/\/tveventos.tv.br\/index.php?rest_route=\/wp\/v2\/posts\/3733","targetHints":{"allow":["GET"]}}],"collection":[{"href":"https:\/\/tveventos.tv.br\/index.php?rest_route=\/wp\/v2\/posts"}],"about":[{"href":"https:\/\/tveventos.tv.br\/index.php?rest_route=\/wp\/v2\/types\/post"}],"author":[{"embeddable":true,"href":"https:\/\/tveventos.tv.br\/index.php?rest_route=\/wp\/v2\/users\/2"}],"replies":[{"embeddable":true,"href":"https:\/\/tveventos.tv.br\/index.php?rest_route=%2Fwp%2Fv2%2Fcomments&post=3733"}],"version-history":[{"count":1,"href":"https:\/\/tveventos.tv.br\/index.php?rest_route=\/wp\/v2\/posts\/3733\/revisions"}],"predecessor-version":[{"id":3735,"href":"https:\/\/tveventos.tv.br\/index.php?rest_route=\/wp\/v2\/posts\/3733\/revisions\/3735"}],"wp:featuredmedia":[{"embeddable":true,"href":"https:\/\/tveventos.tv.br\/index.php?rest_route=\/wp\/v2\/media\/3734"}],"wp:attachment":[{"href":"https:\/\/tveventos.tv.br\/index.php?rest_route=%2Fwp%2Fv2%2Fmedia&parent=3733"}],"wp:term":[{"taxonomy":"category","embeddable":true,"href":"https:\/\/tveventos.tv.br\/index.php?rest_route=%2Fwp%2Fv2%2Fcategories&post=3733"},{"taxonomy":"post_tag","embeddable":true,"href":"https:\/\/tveventos.tv.br\/index.php?rest_route=%2Fwp%2Fv2%2Ftags&post=3733"}],"curies":[{"name":"wp","href":"https:\/\/api.w.org\/{rel}","templated":true}]}}