{"id":3743,"date":"2024-10-25T16:46:37","date_gmt":"2024-10-25T19:46:37","guid":{"rendered":"https:\/\/tveventos.tv.br\/?p=3743"},"modified":"2024-10-25T16:46:41","modified_gmt":"2024-10-25T19:46:41","slug":"forum-de-alimentos-bebidas-e-suplementos-promete-impulsionar-inovacaono-mercado-alimenticio","status":"publish","type":"post","link":"https:\/\/tveventos.tv.br\/?p=3743","title":{"rendered":"F\u00f3rum de Alimentos, Bebidas e Suplementos promete impulsionar inova\u00e7\u00e3ono mercado aliment\u00edcio"},"content":{"rendered":"\n<p class=\"has-text-align-center\">Entre os dias 29 e 30 de outubro, em S\u00e3o Paulo, o BHB Festival re\u00fane entidades e empresas como Future Brand, Kantar, Mundo Verde, ABIAD e BRASNUTRI, para discutir as pr\u00f3ximas tend\u00eancias do mercado de alimenta\u00e7\u00e3o saud\u00e1vel.<\/p>\n\n\n\n<p>Nos dias 29 e 30 de outubro, S\u00e3o Paulo sediar\u00e1 um dos maiores eventos do pa\u00eds voltado para alimentos, bebidas e suplementos, que tem como objetivo moldar o futuro da alimenta\u00e7\u00e3o. Com a participa\u00e7\u00e3o de renomadas marcas e especialistas do ramo, o BHB Festival 2024 proporcionar\u00e1 ao p\u00fablico palestras que buscam integrar a ci\u00eancia com o mercado. Promovido pela Francal, empresa reconhecida por seus ecossistemas para eventos, em parceria com a Equilibrium, consultoria especializada em inova\u00e7\u00e3o para sa\u00fade e nutri\u00e7\u00e3o, o evento chegar\u00e1 \u00e0 sua 14\u00aa edi\u00e7\u00e3o em um momento de grande crescimento no mercado da alimenta\u00e7\u00e3o saud\u00e1vel. Em 2023, este setor faturou mais de 1 trilh\u00e3o de reais, conforme dados da Associa\u00e7\u00e3o Brasileira da Ind\u00fastria de Alimentos (ABIA).&nbsp;<\/p>\n\n\n\n<p>Ao todo, ser\u00e3o mais de 20 encontros no palco do BHB IN (Inova\u00e7\u00e3o e Neg\u00f3cios), onde os visitantes ter\u00e3o a oportunidade de acompanhar palestras que prometem moldar as pr\u00f3ximas tend\u00eancias do mercado. Pautas sobre sustentabilidade, futuro da alimenta\u00e7\u00e3o, ingredientes inovadores, panorama do mercado de alimentos, biotecnologia, crescimento dos suplementos no Brasil, varejo verde, nova era das bebidas, ascens\u00e3o da snackfica\u00e7\u00e3o e sa\u00fade integrativa ter\u00e3o destaque no evento.&nbsp;<\/p>\n\n\n\n<p>Entre os palestrantes confirmados para debater sobre desenvolvimento sustent\u00e1vel da ind\u00fastria, bem-estar e um estilo de vida saud\u00e1vel est\u00e3o: Ana Paula Seixas (CEO do Mundo Verde), \u00c1lvaro Gazola (CEO da Vida Veg), Bruno Busquet (presidente da BRASNUTRI), Carla Negr\u00e3o (gerente de Assuntos Regulat\u00f3rios na NutraL\u00edder), David Fiss (diretor da Kantar), Filippo Vidal (s\u00f3cio-diretor da FutureBrand), Gislane Cardozo (diretora executiva da ABIAD), Juliana Glezer (l\u00edder de inova\u00e7\u00e3o da Accenture), Dra. Leila Hashimoto (nutricionista e cientista), Mariane Borelli (CEO da Supley), Marcos Pupim (diretor de Assuntos Regulat\u00f3rios e Cient\u00edficos da ABBI &#8211; Associa\u00e7\u00e3o Brasileira de Bio Inova\u00e7\u00e3o), Prof\u00aa Dra. Regiane Relva &#8211; Funda\u00e7\u00e3o Dom Cabral, Reginaldo Lima (co-fundador do Investe Favela) e Victor Wanderley (CEO dos Sucos Tial).&nbsp;<\/p>\n\n\n\n<p><strong>Destaques da Programa\u00e7\u00e3o 3\u00aa feira<\/strong><\/p>\n\n\n\n<p><strong>29 de outubro 09h | Abertura do F\u00f3rum: O compromisso do BHB na constru\u00e7\u00e3o de futuros poss\u00edveis <\/strong>Cynthia Antonaccio &#8211; CEO Equilibrium Latam&nbsp;<\/p>\n\n\n\n<p>ABIA&nbsp;<\/p>\n\n\n\n<p><strong>09h30 | Como alimentar marcas para que ganhem o futuro?<\/strong>&nbsp;<\/p>\n\n\n\n<p>Filippo Vidal &#8211; S\u00f3cio-diretor da FutureBrand&nbsp;<\/p>\n\n\n\n<p><strong>10h30 | Como est\u00e1 o cen\u00e1rio do mercado de alimentos no Brasil e o que muda no comportamento do consumidor saud\u00e1vel para os pr\u00f3ximos anos?<\/strong>&nbsp;<\/p>\n\n\n\n<p>David Fiss &#8211; Diretor da Kantar Susan Cavallin &#8211; Marketing manager no Grupo Sovena (Andorinha)&nbsp;<\/p>\n\n\n\n<p><strong>12h | Consumo Perif\u00e9rico: Favela e marcas do futuro&nbsp;<\/strong><\/p>\n\n\n\n<p>Reginaldo Lima &#8211; Co-fundador do Investe Favela&nbsp;<\/p>\n\n\n\n<p><strong>16h50 | IA na sa\u00fade das pessoas e do planeta: transforma\u00e7\u00f5es com a biotecnologia <\/strong>Marcos Pupim &#8211; Diretor de Assuntos Regulat\u00f3rios e Cient\u00edficos da ABBI&nbsp;<\/p>\n\n\n\n<p>Prof\u00aa Dra. Regiane Relva &#8211; Funda\u00e7\u00e3o Dom Cabral<\/p>\n\n\n\n<p><strong>17h10 | 2030: quais ser\u00e3o as mega trends em sa\u00fade mental, nutri\u00e7\u00e3o e longevidade?<\/strong> Tatiana Gracia &#8211; Analista Comportamental e Geront\u00f3loga<\/p>\n\n\n\n<p>&nbsp;Dr. Guilherme Marques &#8211; Sylvestre&nbsp;<\/p>\n\n\n\n<p><strong>17h30 | Ingredientes do futuro: a pr\u00f3xima era das prote\u00ednas<\/strong>&nbsp;<\/p>\n\n\n\n<p>Juliana Glezer &#8211; L\u00edder de inova\u00e7\u00e3o da Accenture&nbsp;<\/p>\n\n\n\n<p><strong>18h | Batalha das Startups<\/strong>&nbsp;<\/p>\n\n\n\n<p><strong>4\u00aa feira|30 de outubro<\/strong>&nbsp;<\/p>\n\n\n\n<p><strong>09h | Compromisso na constru\u00e7\u00e3o de futuros poss\u00edveis para suplementos no Brasil<\/strong> Carolina Godoy &#8211; Head de Neg\u00f3cios da Equilibrium Latam<\/p>\n\n\n\n<p>&nbsp;Bruno Busquet &#8211; Presidente da BRASNUTRI&nbsp;<\/p>\n\n\n\n<p>Gislane Cardozo &#8211; Diretora executiva da ABIAD&nbsp;<\/p>\n\n\n\n<p><strong>9h30 | Crescimento dos Suplementos no Brasil: Insights globais e uma agenda positiva&nbsp;<\/strong><\/p>\n\n\n\n<p>Ulysses Dante &#8211; Business Unit Director \u2013 Consumer Health na IQVIA<\/p>\n\n\n\n<p><strong>10h | Futuro dos Ingredientes: Para onde a ci\u00eancia nos leva?<\/strong>&nbsp;<\/p>\n\n\n\n<p>Dr. Luciano Bruno &#8211; Nutricionista&nbsp;<\/p>\n\n\n\n<p><strong>10h30 | Ci\u00eancia e Mercado: o que inspira as novas cria\u00e7\u00f5es na ind\u00fastria de suplementos esportivos e farmac\u00eauticos?<\/strong>&nbsp;<\/p>\n\n\n\n<p>Carolina Godoy &#8211; Head de Neg\u00f3cios da Equilibrium Latam&nbsp;<\/p>\n\n\n\n<p>Dra. Leila Hashimoto &#8211; Nutricionista e Cientista&nbsp;<\/p>\n\n\n\n<p>Amid Tony Ibrahim &#8211; Application Researcher at Corbion&nbsp;<\/p>\n\n\n\n<p>Franciele Goulart &#8211; Coordenadora de Atendimento T\u00e9cnico ao Cliente da Duas Rodas&nbsp;<\/p>\n\n\n\n<p><strong>11h30 | Esportifica\u00e7\u00e3o: O jogo da inova\u00e7\u00e3o vs abertura no varejo alimentar<\/strong>&nbsp;<\/p>\n\n\n\n<p>Mariane Borelli &#8211; CEO da Supley<\/p>\n\n\n\n<p><strong>14h45 | O Varejo Verde: a\u00e7\u00f5es para impulsionar o crescimento sustent\u00e1vel<\/strong><\/p>\n\n\n\n<p>Ana Paula Seixas &#8211; CEO Mundo Verde&nbsp;<\/p>\n\n\n\n<p>Gustavo Negrini &#8211; Fundador da E4&nbsp;<\/p>\n\n\n\n<p><strong>15h45 | A nova era das bebidas: Como reduzir a\u00e7\u00facar e manter sabor, sem aumentar ado\u00e7antes?&nbsp;<\/strong><\/p>\n\n\n\n<p>Victor Wanderley &#8211; CEO da Sucos Tial<\/p>\n\n\n\n<p>Mariana Ferr\u00e3o Sales &#8211; Senior Flavorist da International Flavors &amp; Fragrances&nbsp;<\/p>\n\n\n\n<p><strong>16h45 | Como ficar\u00e1 a jornada do plant-based no Brasil?&nbsp;<\/strong><\/p>\n\n\n\n<p>Alvaro Gazola &#8211; CEO da Vida Veg&nbsp;<\/p>\n\n\n\n<p>Larissa Maluf &#8211; Diretora de Comunica\u00e7\u00e3o e Novos Projetos da SVB (Sociedade Vegetariana Brasileira)&nbsp;<\/p>\n\n\n\n<p><strong>17h15 | Pr\u00eamio Top Marcas Categorias Saud\u00e1veis 2024<\/strong><\/p>\n\n\n\n<p>&nbsp;* Programa\u00e7\u00e3o sujeita a altera\u00e7\u00f5es.<\/p>\n\n\n\n<p>Para ver a programa\u00e7\u00e3o completa, mais informa\u00e7\u00f5es sobre o evento e inscri\u00e7\u00f5es, basta acessar o site https:\/\/bhbfestival.com.br\/&nbsp;<\/p>\n\n\n\n<p><strong>SERVI\u00c7O BHB Festival 2024&nbsp;<\/strong><\/p>\n\n\n\n<p>\u25cf Data: 29 e 30 de outubro de 2024&nbsp;<\/p>\n\n\n\n<p>\u25cf Hor\u00e1rios: Das 8h \u00e0s 18h<\/p>\n\n\n\n<p>&nbsp;\u25cf Local: Expo Center Norte (Salas Cantareira)&nbsp;<\/p>\n\n\n\n<p>\u25cf Endere\u00e7o: Rua Jos\u00e9 Bernardo Pinto, 333, S\u00e3o Paulo, SP&nbsp;<\/p>\n\n\n\n<p>\u25cf Mais informa\u00e7\u00f5es: <a href=\"https:\/\/bhbfestival.com.br\/\">https:\/\/bhbfestival.com.br\/<\/a><\/p>\n\n\n\n<p><strong>&nbsp;Sobre o BHB Festival&nbsp;<\/strong><\/p>\n\n\n\n<p>O BHB Festival \u00e9 um ponto de encontro entre ci\u00eancia e inova\u00e7\u00e3o, reunindo os maiores especialistas do mercado de alimentos, bebidas e suplementos. Em sua 14\u00aa edi\u00e7\u00e3o, re\u00fane profissionais e empresas inovadoras, para trocarem conhecimento e realizarem novos neg\u00f3cios. O evento \u00e9 composto pelo BHB IN (Inova\u00e7\u00e3o e Neg\u00f3cios), um congresso para profissionais do marketing, P&amp;D, empres\u00e1rios e especialistas interessados, e o Summit, um congresso para profissionais de sa\u00fade convidados. J\u00e1 o FoodHub \u00e9 um espa\u00e7o destinado a startups que podem expor seus produtos e fazer networking com grandes players da ind\u00fastria.&nbsp;<\/p>\n\n\n\n<p><strong>Sobre o BHB<\/strong>&nbsp;<\/p>\n\n\n\n<p>O ecossistema BHB (Building Healthier Brands) pertence ao grupo Equilibrium e busca levar mais saudabilidade para o mercado de food no Brasil, revolucionando o cen\u00e1rio de suplementos, alimentos e bebidas. A empresa adota uma estrat\u00e9gia de conte\u00fado inovadora, mergulhando no universo \u201cphygital\u201d para impulsionar a comunica\u00e7\u00e3o e a gera\u00e7\u00e3o de neg\u00f3cios no setor. O objetivo do ecossistema \u00e9 ser o ponto de encontro de profissionais que est\u00e3o em busca de solu\u00e7\u00f5es que auxiliem nos desafios de inova\u00e7\u00e3o, marketing e desenvolvimento de produtos das ind\u00fastrias de alimentos, bebidas e suplementos.&nbsp;<\/p>\n\n\n\n<p><strong>Sobre a Francal<\/strong><strong>&nbsp;<\/strong>Desde 1969, a Francal \u00e9 sin\u00f4nimo de neg\u00f3cios e pioneirismo. Com mais de cinco d\u00e9cadas de atua\u00e7\u00e3o, \u00e9 a maior e mais tradicionais promotoras de eventos do pa\u00eds, com capital 100% nacional e um ecossistema completo para eventos que une uma extensa variedade de produtos ou servi\u00e7os em um \u00fanico local, e que simplifica a jornada do nosso cliente. Os neg\u00f3cios originados pelos 15 eventos de seu portf\u00f3lio movimentam a economia e contribuem para o desenvolvimento de todas as regi\u00f5es do Brasil.<\/p>\n\n\n\n<p><\/p>\n","protected":false},"excerpt":{"rendered":"<p>Entre os dias 29 e 30 de outubro, em S\u00e3o Paulo, o BHB Festival re\u00fane entidades e empresas como Future Brand, Kantar, Mundo Verde, ABIAD e BRASNUTRI, para discutir as pr\u00f3ximas tend\u00eancias do mercado de alimenta\u00e7\u00e3o saud\u00e1vel. Nos dias 29 e 30 de outubro, S\u00e3o Paulo sediar\u00e1 um dos maiores eventos do pa\u00eds voltado para [&hellip;]<\/p>\n","protected":false},"author":2,"featured_media":3744,"comment_status":"open","ping_status":"open","sticky":false,"template":"","format":"standard","meta":{"footnotes":""},"categories":[23],"tags":[],"class_list":{"0":"post-3743","1":"post","2":"type-post","3":"status-publish","4":"format-standard","5":"has-post-thumbnail","7":"category-feirasdenegocios"},"_links":{"self":[{"href":"https:\/\/tveventos.tv.br\/index.php?rest_route=\/wp\/v2\/posts\/3743","targetHints":{"allow":["GET"]}}],"collection":[{"href":"https:\/\/tveventos.tv.br\/index.php?rest_route=\/wp\/v2\/posts"}],"about":[{"href":"https:\/\/tveventos.tv.br\/index.php?rest_route=\/wp\/v2\/types\/post"}],"author":[{"embeddable":true,"href":"https:\/\/tveventos.tv.br\/index.php?rest_route=\/wp\/v2\/users\/2"}],"replies":[{"embeddable":true,"href":"https:\/\/tveventos.tv.br\/index.php?rest_route=%2Fwp%2Fv2%2Fcomments&post=3743"}],"version-history":[{"count":1,"href":"https:\/\/tveventos.tv.br\/index.php?rest_route=\/wp\/v2\/posts\/3743\/revisions"}],"predecessor-version":[{"id":3745,"href":"https:\/\/tveventos.tv.br\/index.php?rest_route=\/wp\/v2\/posts\/3743\/revisions\/3745"}],"wp:featuredmedia":[{"embeddable":true,"href":"https:\/\/tveventos.tv.br\/index.php?rest_route=\/wp\/v2\/media\/3744"}],"wp:attachment":[{"href":"https:\/\/tveventos.tv.br\/index.php?rest_route=%2Fwp%2Fv2%2Fmedia&parent=3743"}],"wp:term":[{"taxonomy":"category","embeddable":true,"href":"https:\/\/tveventos.tv.br\/index.php?rest_route=%2Fwp%2Fv2%2Fcategories&post=3743"},{"taxonomy":"post_tag","embeddable":true,"href":"https:\/\/tveventos.tv.br\/index.php?rest_route=%2Fwp%2Fv2%2Ftags&post=3743"}],"curies":[{"name":"wp","href":"https:\/\/api.w.org\/{rel}","templated":true}]}}