{"id":3746,"date":"2024-10-28T11:05:13","date_gmt":"2024-10-28T14:05:13","guid":{"rendered":"https:\/\/tveventos.tv.br\/?p=3746"},"modified":"2024-10-28T11:05:17","modified_gmt":"2024-10-28T14:05:17","slug":"a-logistica-por-tras-da-maior-feira-de-transporte-e-logistica-da-america-latina-a-fenatran","status":"publish","type":"post","link":"https:\/\/tveventos.tv.br\/?p=3746","title":{"rendered":"A log\u00edstica por tr\u00e1s da maior feira de transporte e log\u00edstica da Am\u00e9rica Latina, a Fenatran"},"content":{"rendered":"\n<p>Participar da maior feira de transporte e log\u00edstica da Am\u00e9rica Latina, a Fenatran, \u00e9 como estar em um parque de divers\u00f5es. Eventos como esse nos proporcionam diversos benef\u00edcios, que n\u00e3o conseguimos ter em nenhum outro lugar, como criar novas parcerias e networking entre os maiores players do setor.&nbsp;<\/p>\n\n\n\n<p>Por\u00e9m, o mais bacana de tudo isso n\u00e3o \u00e9 apenas presenciar o evento em si, mas entender como a organiza\u00e7\u00e3o e log\u00edstica da feira funcionam para que todos consigam extrair aquilo que os expositores desejam passar para os usu\u00e1rios. Portanto, trago neste artigo algumas informa\u00e7\u00f5es relevantes para a organiza\u00e7\u00e3o e realiza\u00e7\u00e3o da Fenatran.&nbsp;<\/p>\n\n\n\n<p>Como um dos parceiros do evento, a ABC Cargas \u00e9 respons\u00e1vel pelo transporte de caminh\u00f5es de diversas marcas para o pavilh\u00e3o de exposi\u00e7\u00e3o. Utilizamos pranchas especializadas em todas as opera\u00e7\u00f5es para garantir que os ve\u00edculos cheguem em perfeito estado, sem avarias. Nossa equipe de motoristas est\u00e1 apta a executar o trabalho com excel\u00eancia, enquanto nossa equipe interna cuida da gest\u00e3o e coordena\u00e7\u00e3o de todas as outras atividades. Desde o planejamento detalhado at\u00e9 o acompanhamento p\u00f3s-evento, nossa prioridade \u00e9 assegurar que tudo esteja no lugar e na hora certa.&nbsp;<\/p>\n\n\n\n<p>Uma feira como essa traz algumas regras e crit\u00e9rios&nbsp; espec\u00edficos que necessitam ser rigorosamente seguidos. Um dos principais desafios \u00e9 o planejamento log\u00edstico, pois os prazos de entregas s\u00e3o definidos com rigor pela organiza\u00e7\u00e3o do evento, e os caminh\u00f5es precisam ser transportados em janelas de tempo estabelecidos. Isso evita congestionamento no local de exposi\u00e7\u00e3o e garante que os expositores tenham tempo suficiente para a montagem de stands e prepara\u00e7\u00e3o dos ve\u00edculos, sem comprometer a disposi\u00e7\u00e3o geral da feira. A pontualidade \u00e9 um fator cr\u00edtico, ou seja, qualquer atraso pode impactar o fluxo da feira.&nbsp;<\/p>\n\n\n\n<p>O acesso ao espa\u00e7o \u00e9 controlado. Diferente do transporte convencional, a Fenatran exige que os ve\u00edculos e motoristas sejam previamente credenciados e autorizados a entrar nas instala\u00e7\u00f5es. Esse processo inclui a emiss\u00e3o de autoriza\u00e7\u00f5es especiais, o que garante a seguran\u00e7a e organiza\u00e7\u00e3o de todos.&nbsp;<\/p>\n\n\n\n<p>Outro aspecto importante a ser mencionado \u00e9 a prepara\u00e7\u00e3o dos ve\u00edculos para exposi\u00e7\u00e3o. Eles precisam estar&nbsp; limpos e prontos para serem exibidos assim que descarregados. Pequenas avarias ou sujeiras podem comprometer a imagem das marcas, por isso adotamos medidas de prote\u00e7\u00e3o, como coberturas especiais durante o transporte. Ao chegarem ao local da feira, os ve\u00edculos devem ser posicionados com precis\u00e3o nos stands para garantir n\u00e3o apenas a integridade dos ve\u00edculos, mas tamb\u00e9m a seguran\u00e7a das estruturas montadas.<\/p>\n\n\n\n<p>S\u00e3o diversos os processos importantes a serem seguidos, ainda mais se tratando do maior encontro de neg\u00f3cios do transporte de cargas. \u00c9 uma oportunidade que fazemos quest\u00e3o de abra\u00e7ar e um desafio que permite nos aperfei\u00e7oar cada vez mais.&nbsp;<\/p>\n\n\n\n<p>Agora me diz: voc\u00ea sabia como os caminh\u00f5es chegavam at\u00e9 o local de exposi\u00e7\u00e3o? Bom, se n\u00e3o sabia, agora sabe como funciona e sabe que \u00e9 uma log\u00edstica extremamente complexa e estrat\u00e9gica.&nbsp;<\/p>\n","protected":false},"excerpt":{"rendered":"<p>Participar da maior feira de transporte e log\u00edstica da Am\u00e9rica Latina, a Fenatran, \u00e9 como estar em um parque de divers\u00f5es. Eventos como esse nos proporcionam diversos benef\u00edcios, que n\u00e3o conseguimos ter em nenhum outro lugar, como criar novas parcerias e networking entre os maiores players do setor.&nbsp; Por\u00e9m, o mais bacana de tudo isso [&hellip;]<\/p>\n","protected":false},"author":2,"featured_media":3747,"comment_status":"open","ping_status":"open","sticky":false,"template":"","format":"standard","meta":{"footnotes":""},"categories":[23],"tags":[],"class_list":{"0":"post-3746","1":"post","2":"type-post","3":"status-publish","4":"format-standard","5":"has-post-thumbnail","7":"category-feirasdenegocios"},"_links":{"self":[{"href":"https:\/\/tveventos.tv.br\/index.php?rest_route=\/wp\/v2\/posts\/3746","targetHints":{"allow":["GET"]}}],"collection":[{"href":"https:\/\/tveventos.tv.br\/index.php?rest_route=\/wp\/v2\/posts"}],"about":[{"href":"https:\/\/tveventos.tv.br\/index.php?rest_route=\/wp\/v2\/types\/post"}],"author":[{"embeddable":true,"href":"https:\/\/tveventos.tv.br\/index.php?rest_route=\/wp\/v2\/users\/2"}],"replies":[{"embeddable":true,"href":"https:\/\/tveventos.tv.br\/index.php?rest_route=%2Fwp%2Fv2%2Fcomments&post=3746"}],"version-history":[{"count":1,"href":"https:\/\/tveventos.tv.br\/index.php?rest_route=\/wp\/v2\/posts\/3746\/revisions"}],"predecessor-version":[{"id":3748,"href":"https:\/\/tveventos.tv.br\/index.php?rest_route=\/wp\/v2\/posts\/3746\/revisions\/3748"}],"wp:featuredmedia":[{"embeddable":true,"href":"https:\/\/tveventos.tv.br\/index.php?rest_route=\/wp\/v2\/media\/3747"}],"wp:attachment":[{"href":"https:\/\/tveventos.tv.br\/index.php?rest_route=%2Fwp%2Fv2%2Fmedia&parent=3746"}],"wp:term":[{"taxonomy":"category","embeddable":true,"href":"https:\/\/tveventos.tv.br\/index.php?rest_route=%2Fwp%2Fv2%2Fcategories&post=3746"},{"taxonomy":"post_tag","embeddable":true,"href":"https:\/\/tveventos.tv.br\/index.php?rest_route=%2Fwp%2Fv2%2Ftags&post=3746"}],"curies":[{"name":"wp","href":"https:\/\/api.w.org\/{rel}","templated":true}]}}